{"id":17,"date":"2014-09-01T18:38:24","date_gmt":"2014-09-01T16:38:24","guid":{"rendered":"http:\/\/blog.leonardcohen.de\/?p=17"},"modified":"2025-03-26T22:55:51","modified_gmt":"2025-03-26T20:55:51","slug":"christof-grafs-cohenpedia-popular-problems-blog","status":"publish","type":"post","link":"https:\/\/leonardcohen.de\/?p=17","title":{"rendered":"Christof Graf`s COHENPEDIA &#8211; POPULAR PROBLEMS &#8211; BLOG"},"content":{"rendered":"<p style=\"text-align: center;\"><strong>Am 21. September 2014 wird der kanadische Rockpoet Leonard Cohen 80 Jahre alt. Zwei Tage zuvor erscheint sein neues, bisher 13. Album mit dem verheissungsvollen Titel &#8222;Popular Problems&#8220;.<\/strong><\/p>\n<p style=\"text-align: center;\"><a href=\"http:\/\/blog.leonardcohen.de\/wp-content\/uploads\/2014\/09\/cropped-popularproblems3.jpg\"><img loading=\"lazy\" decoding=\"async\" class=\"alignnone size-medium wp-image-13\" src=\"http:\/\/blog.leonardcohen.de\/wp-content\/uploads\/2014\/09\/cropped-popularproblems3-300x300.jpg\" alt=\"cropped-popularproblems3.jpg\" width=\"300\" height=\"300\" srcset=\"https:\/\/leonardcohen.de\/wp-content\/uploads\/2014\/09\/cropped-popularproblems3-300x300.jpg 300w, https:\/\/leonardcohen.de\/wp-content\/uploads\/2014\/09\/cropped-popularproblems3-150x150.jpg 150w, https:\/\/leonardcohen.de\/wp-content\/uploads\/2014\/09\/cropped-popularproblems3-1024x1024.jpg 1024w, https:\/\/leonardcohen.de\/wp-content\/uploads\/2014\/09\/cropped-popularproblems3.jpg 1260w\" sizes=\"auto, (max-width: 300px) 100vw, 300px\" \/><\/a><\/p>\n<p style=\"text-align: center;\">Zeitgleich erscheinen u.a.\u00a0 das deutschsprachige Tribute-Album &#8222;Poem&#8220; sowie einige B\u00fccher \u00fcber Leonard Cohen. Gr\u00fcnde also genug, um die Publikationen um Cohens 80. mit einem deutschsprachigen Blog redaktionell zu begleiten. &#8211; Willkommen\u00a0 zu Christof Grafs COHENPEDIA &#8211; <strong>POPULAR PROBLEMS &#8211; Blog<\/strong>, der ab heute (1.9.2014) online ist und eine Subdomain zur seit 1996 bestehenden ersten deutschsprachigen Website (www.leonardcohen.de) \u00fcber Leonard Cohen darstellt. Welcome&#8230;zu einer kleinen zeitgeschichtlichen und popmusikalischen Reise&#8230;.<\/p>\n<p style=\"text-align: center;\">\n","protected":false},"excerpt":{"rendered":"<p>Am 21. September 2014 wird der kanadische Rockpoet Leonard Cohen 80 Jahre alt. Zwei Tage zuvor erscheint sein neues, bisher 13. Album mit dem verheissungsvollen Titel &#8222;Popular Problems&#8220;. Zeitgleich erscheinen u.a.\u00a0 das deutschsprachige Tribute-Album &#8222;Poem&#8220; sowie einige B\u00fccher \u00fcber Leonard Cohen. Gr\u00fcnde also genug, um die Publikationen um Cohens 80. mit einem deutschsprachigen Blog redaktionell [&hellip;]<\/p>\n","protected":false},"author":1,"featured_media":0,"comment_status":"closed","ping_status":"open","sticky":false,"template":"","format":"standard","meta":{"footnotes":""},"categories":[1],"tags":[],"class_list":["post-17","post","type-post","status-publish","format-standard","hentry","category-allgemein"],"_links":{"self":[{"href":"https:\/\/leonardcohen.de\/index.php?rest_route=\/wp\/v2\/posts\/17","targetHints":{"allow":["GET"]}}],"collection":[{"href":"https:\/\/leonardcohen.de\/index.php?rest_route=\/wp\/v2\/posts"}],"about":[{"href":"https:\/\/leonardcohen.de\/index.php?rest_route=\/wp\/v2\/types\/post"}],"author":[{"embeddable":true,"href":"https:\/\/leonardcohen.de\/index.php?rest_route=\/wp\/v2\/users\/1"}],"replies":[{"embeddable":true,"href":"https:\/\/leonardcohen.de\/index.php?rest_route=%2Fwp%2Fv2%2Fcomments&post=17"}],"version-history":[{"count":4,"href":"https:\/\/leonardcohen.de\/index.php?rest_route=\/wp\/v2\/posts\/17\/revisions"}],"predecessor-version":[{"id":32755,"href":"https:\/\/leonardcohen.de\/index.php?rest_route=\/wp\/v2\/posts\/17\/revisions\/32755"}],"wp:attachment":[{"href":"https:\/\/leonardcohen.de\/index.php?rest_route=%2Fwp%2Fv2%2Fmedia&parent=17"}],"wp:term":[{"taxonomy":"category","embeddable":true,"href":"https:\/\/leonardcohen.de\/index.php?rest_route=%2Fwp%2Fv2%2Fcategories&post=17"},{"taxonomy":"post_tag","embeddable":true,"href":"https:\/\/leonardcohen.de\/index.php?rest_route=%2Fwp%2Fv2%2Ftags&post=17"}],"curies":[{"name":"wp","href":"https:\/\/api.w.org\/{rel}","templated":true}]}}