{"id":1788,"date":"2015-12-22T11:02:10","date_gmt":"2015-12-22T09:02:10","guid":{"rendered":"http:\/\/blog.leonardcohen.de\/?p=1788"},"modified":"2015-12-22T11:23:38","modified_gmt":"2015-12-22T09:23:38","slug":"kw-52-2015-leonard-cohen-und-j-o-e-c-o-c-k-e-r-zum-ersten-todestag-von-joe-cocker-heute-vor-einem-jahr-verstarb-die-rock-legende-joe-cocker-joe-cocker-interpretierte-im-rahmen-seinen-70jaehr","status":"publish","type":"post","link":"https:\/\/leonardcohen.de\/?p=1788","title":{"rendered":"KW-52-2015: Leonard Cohen und &#8230; J O E   C O C K E R. Zum ersten Todestag von Joe Cocker. Heute vor einem Jahr verstarb die Rock-Legende Joe Cocker. Joe Cocker interpretierte im Rahmen seinen 70j\u00e4hrigen Lebens insgesamt drei Leonard Cohen-Songs. Bird On A Wire, I`m Your Man und First We Take Manhattan."},"content":{"rendered":"<p>Heute vor 1 Jahr verstarb die Rock-Legende Joe Cocker. Mehr \u00fcber Joe Cocker und dessen Coverversionen in der C O H E N P E D I A &#8211; Sektion &#8222;<a href=\"http:\/\/cohenpedia.de\/joe-cocker-the-little-joe-cocker-files-by-christof-graf\/\">The German\u00a0Joe Cocker Files<\/a>&#8222;.<\/p>\n<p><a href=\"http:\/\/blog.leonardcohen.de\/wp-content\/uploads\/2015\/12\/cohenpedia-headsitejoecockerfiles-by-christof-graf.jpg\"><img loading=\"lazy\" decoding=\"async\" class=\"alignnone size-medium wp-image-1792\" src=\"http:\/\/blog.leonardcohen.de\/wp-content\/uploads\/2015\/12\/cohenpedia-headsitejoecockerfiles-by-christof-graf-300x168.jpg\" alt=\"cohenpedia-headsitejoecockerfiles-by-christof-graf\" width=\"300\" height=\"168\" srcset=\"https:\/\/leonardcohen.de\/wp-content\/uploads\/2015\/12\/cohenpedia-headsitejoecockerfiles-by-christof-graf-300x168.jpg 300w, https:\/\/leonardcohen.de\/wp-content\/uploads\/2015\/12\/cohenpedia-headsitejoecockerfiles-by-christof-graf-624x351.jpg 624w, https:\/\/leonardcohen.de\/wp-content\/uploads\/2015\/12\/cohenpedia-headsitejoecockerfiles-by-christof-graf.jpg 877w\" sizes=\"auto, (max-width: 300px) 100vw, 300px\" \/><\/a><\/p>\n<p>Mehr auch in der Joe Cocker-Biografie: &#8222;<a href=\"http:\/\/www.amazon.de\/Joe-Cocker-Biografie-G%C3%A4nsehaut-Jahrzehnte\/dp\/3854454759\/ref=pd_bxgy_15_img_2?ie=UTF8&amp;refRID=19KGYH95YHJKDQ8YC9NP\">Mit G\u00e4nsehaut durch die Jahrzehnte<\/a>&#8222;, die nach Joe Cockers Tod mit einem zus\u00e4tzlichen Kapitel im Februar diesen Jahres (2015) als zweite Auflage erschien. Das Kapitel tr\u00e4gt den titel: O<strong>utro &#8211;\u00a0 <\/strong><strong>\u201eNicht mehr von dieser Welt\u201c oder einfach nur \u201eder Versuch eines Nachrufes\u201c <\/strong><\/p>\n<p><a href=\"http:\/\/blog.leonardcohen.de\/wp-content\/uploads\/2015\/12\/COCKER-Joe-Mit-G\u00e4nsehaut-durch-die-Jahrzehnte-by-Christof-Graf.jpg\"><img loading=\"lazy\" decoding=\"async\" class=\"alignnone size-medium wp-image-1793\" src=\"http:\/\/blog.leonardcohen.de\/wp-content\/uploads\/2015\/12\/COCKER-Joe-Mit-G\u00e4nsehaut-durch-die-Jahrzehnte-by-Christof-Graf-192x300.jpg\" alt=\"COCKER-Joe-Mit-G\u00e4nsehaut-durch-die-Jahrzehnte-by-Christof-Graf\" width=\"192\" height=\"300\" srcset=\"https:\/\/leonardcohen.de\/wp-content\/uploads\/2015\/12\/COCKER-Joe-Mit-G\u00e4nsehaut-durch-die-Jahrzehnte-by-Christof-Graf-192x300.jpg 192w, https:\/\/leonardcohen.de\/wp-content\/uploads\/2015\/12\/COCKER-Joe-Mit-G\u00e4nsehaut-durch-die-Jahrzehnte-by-Christof-Graf-656x1024.jpg 656w, https:\/\/leonardcohen.de\/wp-content\/uploads\/2015\/12\/COCKER-Joe-Mit-G\u00e4nsehaut-durch-die-Jahrzehnte-by-Christof-Graf-624x972.jpg 624w, https:\/\/leonardcohen.de\/wp-content\/uploads\/2015\/12\/COCKER-Joe-Mit-G\u00e4nsehaut-durch-die-Jahrzehnte-by-Christof-Graf.jpg 1642w\" sizes=\"auto, (max-width: 192px) 100vw, 192px\" \/><\/a><\/p>\n<p>&#8230; &#8222;<em><strong>Montagabend, 22. Dezember 2014. 20.10 Uhr und 35 Sekunden. Nach Themen wie \u201eGegen-Demos bei erneuter &#8222;Pegida&#8220;-Versammlung, Airbus feiert Auslieferung des neuen Langstreckenfliegers A350, Deutsche Beteiligung bei Luftraum\u00fcberwachung \u00fcber Baltikum, Essebsi ist neuer Pr\u00e4sident von Tunesien, Konsequenzen des Massakers in Pakistan, New Yorker gedenken erschossenen Polizisten, Papst-Kritik an Kurie, Niedersachsen nimmt Abschied von Albrecht, Fans trauern um Udo J\u00fcrgens\u201c erg\u00e4nzt die Tagesschau-Moderatorin Judith Rankers eine Meldung, die einen \u2013 auch wenn man von Joe Cockers Krankheit wusste \u2013 \u00fcberraschte und auch sprachlos machte: \u201eDer britische Rock-S\u00e4nger Joe Cocker ist tot. Er starb heute im Alter von 70 Jahren an den Folgen eines Krebsleidens. Cocker galt als einer der profiliertesten Vertreter des Rhythm `N Blues\u201c, leitete die Rankers die zweite Schreckensmeldung \u00fcber pl\u00f6tzlich Verstorbene aus der Musikbranche ein. Obwohl die Nachricht gerade einmal seit gut 30 Minuten von Cockers Management als offiziell best\u00e4tigt erkl\u00e4rt wurde, geisterte das Ger\u00fccht von Joe Cockers Tod schon Stunden zuvor in den sozialen Netzwerken herum. Die Todesmeldung von Udo J\u00fcrgens am Tage zuvor, dem 21.12.2014 machte die Meldung um den Tod eines weiteren Idols und Legende popul\u00e4rer Musik umso erschreckender.&#8220; &#8230;<\/strong><\/em><\/p>\n<p>So die Einleitung des letzten Kapitels in der 2. Auflage&#8230;<\/p>\n<p>&nbsp;<\/p>\n","protected":false},"excerpt":{"rendered":"<p>Heute vor 1 Jahr verstarb die Rock-Legende Joe Cocker. Mehr \u00fcber Joe Cocker und dessen Coverversionen in der C O H E N P E D I A &#8211; Sektion &#8222;The German\u00a0Joe Cocker Files&#8222;. Mehr auch in der Joe Cocker-Biografie: &#8222;Mit G\u00e4nsehaut durch die Jahrzehnte&#8222;, die nach Joe Cockers Tod mit einem zus\u00e4tzlichen Kapitel im [&hellip;]<\/p>\n","protected":false},"author":1,"featured_media":0,"comment_status":"open","ping_status":"open","sticky":false,"template":"","format":"standard","meta":{"footnotes":""},"categories":[1],"tags":[],"class_list":["post-1788","post","type-post","status-publish","format-standard","hentry","category-allgemein"],"_links":{"self":[{"href":"https:\/\/leonardcohen.de\/index.php?rest_route=\/wp\/v2\/posts\/1788","targetHints":{"allow":["GET"]}}],"collection":[{"href":"https:\/\/leonardcohen.de\/index.php?rest_route=\/wp\/v2\/posts"}],"about":[{"href":"https:\/\/leonardcohen.de\/index.php?rest_route=\/wp\/v2\/types\/post"}],"author":[{"embeddable":true,"href":"https:\/\/leonardcohen.de\/index.php?rest_route=\/wp\/v2\/users\/1"}],"replies":[{"embeddable":true,"href":"https:\/\/leonardcohen.de\/index.php?rest_route=%2Fwp%2Fv2%2Fcomments&post=1788"}],"version-history":[{"count":6,"href":"https:\/\/leonardcohen.de\/index.php?rest_route=\/wp\/v2\/posts\/1788\/revisions"}],"predecessor-version":[{"id":1796,"href":"https:\/\/leonardcohen.de\/index.php?rest_route=\/wp\/v2\/posts\/1788\/revisions\/1796"}],"wp:attachment":[{"href":"https:\/\/leonardcohen.de\/index.php?rest_route=%2Fwp%2Fv2%2Fmedia&parent=1788"}],"wp:term":[{"taxonomy":"category","embeddable":true,"href":"https:\/\/leonardcohen.de\/index.php?rest_route=%2Fwp%2Fv2%2Fcategories&post=1788"},{"taxonomy":"post_tag","embeddable":true,"href":"https:\/\/leonardcohen.de\/index.php?rest_route=%2Fwp%2Fv2%2Ftags&post=1788"}],"curies":[{"name":"wp","href":"https:\/\/api.w.org\/{rel}","templated":true}]}}