{"id":19578,"date":"2021-05-14T10:45:35","date_gmt":"2021-05-14T08:45:35","guid":{"rendered":"http:\/\/blog.leonardcohen.de\/?p=19578"},"modified":"2021-05-14T10:46:50","modified_gmt":"2021-05-14T08:46:50","slug":"kw-19-2021-my-lil-corona-tagebuch-heute","status":"publish","type":"post","link":"https:\/\/leonardcohen.de\/?p=19578","title":{"rendered":"KW-19-2021: my-lil-corona-tagebuch: Ausz\u00fcge aus dem ARD-Newsticker &#8230; heute &#8230;"},"content":{"rendered":"<div>\n<div>\n<div class=\"liveblog__uhrzeit columns twelve m-ten m-offset-one l-eight l-offset-two\">05:14 Uhr<\/div>\n<h2 class=\"meldung__subhead columns twelve m-ten m-offset-one l-eight l-offset-two\">Sieben-Tage-Inzidenz erstmals seit 20. M\u00e4rz unter 100<\/h2>\n<\/div>\n<div><\/div>\n<div class=\"liveblog__uhrzeit columns twelve m-ten m-offset-one l-eight l-offset-two\">06:40 Uhr<\/div>\n<h2 class=\"meldung__subhead columns twelve m-ten m-offset-one l-eight l-offset-two\">Deutschlandtrend: Zwei Drittel mit Krisenmanagement unzufrieden<\/h2>\n<\/div>\n<div><\/div>\n<div class=\"liveblog__uhrzeit columns twelve m-ten m-offset-one l-eight l-offset-two\">07:06 Uhr<\/div>\n<h2 class=\"meldung__subhead columns twelve m-ten m-offset-one l-eight l-offset-two\">USA: Maskenpflicht f\u00fcr Geimpfte weitgehend aufgehoben<\/h2>\n<div class=\"liveblog__uhrzeit columns twelve m-ten m-offset-one l-eight l-offset-two\">07:54 Uhr<\/div>\n<h2 class=\"meldung__subhead columns twelve m-ten m-offset-one l-eight l-offset-two\">Frankfurter Flughafen: 84 Prozent weniger Flugg\u00e4ste<\/h2>\n<div class=\"liveblog__uhrzeit columns twelve m-ten m-offset-one l-eight l-offset-two\">09:12 Uhr<\/div>\n<h2 class=\"meldung__subhead columns twelve m-ten m-offset-one l-eight l-offset-two\">Brinkhaus will Impfzentren dauerhaft erhalten<\/h2>\n<p>&#8230;.<\/p>\n<p>&nbsp;<\/p>\n<p>so Ausz\u00fcge aus dem newsticker der ARD-Tagesschau &#8230;. und der Tag ist noch nicht zu Ende &#8230;<\/p>\n<p><strong>QUELLE:<\/strong><\/p>\n<p><strong><a href=\"https:\/\/www.tagesschau.de\/newsticker\/liveblog-coronavirus-freitag-231.html#Verband-Kinooeffnungen-lohnen-vielerorts-noch-nicht\">https:\/\/www.tagesschau.de\/newsticker\/liveblog-coronavirus-freitag-231.html#Verband-Kinooeffnungen-lohnen-vielerorts-noch-nicht<\/a><\/strong><\/p>\n","protected":false},"excerpt":{"rendered":"<p>05:14 Uhr Sieben-Tage-Inzidenz erstmals seit 20. M\u00e4rz unter 100 06:40 Uhr Deutschlandtrend: Zwei Drittel mit Krisenmanagement unzufrieden 07:06 Uhr USA: Maskenpflicht f\u00fcr Geimpfte weitgehend aufgehoben 07:54 Uhr Frankfurter Flughafen: 84 Prozent weniger Flugg\u00e4ste 09:12 Uhr Brinkhaus will Impfzentren dauerhaft erhalten &#8230;. &nbsp; so Ausz\u00fcge aus dem newsticker der ARD-Tagesschau &#8230;. und der Tag ist noch [&hellip;]<\/p>\n","protected":false},"author":1,"featured_media":0,"comment_status":"closed","ping_status":"open","sticky":false,"template":"","format":"standard","meta":{"footnotes":""},"categories":[1],"tags":[],"class_list":["post-19578","post","type-post","status-publish","format-standard","hentry","category-allgemein"],"_links":{"self":[{"href":"https:\/\/leonardcohen.de\/index.php?rest_route=\/wp\/v2\/posts\/19578","targetHints":{"allow":["GET"]}}],"collection":[{"href":"https:\/\/leonardcohen.de\/index.php?rest_route=\/wp\/v2\/posts"}],"about":[{"href":"https:\/\/leonardcohen.de\/index.php?rest_route=\/wp\/v2\/types\/post"}],"author":[{"embeddable":true,"href":"https:\/\/leonardcohen.de\/index.php?rest_route=\/wp\/v2\/users\/1"}],"replies":[{"embeddable":true,"href":"https:\/\/leonardcohen.de\/index.php?rest_route=%2Fwp%2Fv2%2Fcomments&post=19578"}],"version-history":[{"count":3,"href":"https:\/\/leonardcohen.de\/index.php?rest_route=\/wp\/v2\/posts\/19578\/revisions"}],"predecessor-version":[{"id":19581,"href":"https:\/\/leonardcohen.de\/index.php?rest_route=\/wp\/v2\/posts\/19578\/revisions\/19581"}],"wp:attachment":[{"href":"https:\/\/leonardcohen.de\/index.php?rest_route=%2Fwp%2Fv2%2Fmedia&parent=19578"}],"wp:term":[{"taxonomy":"category","embeddable":true,"href":"https:\/\/leonardcohen.de\/index.php?rest_route=%2Fwp%2Fv2%2Fcategories&post=19578"},{"taxonomy":"post_tag","embeddable":true,"href":"https:\/\/leonardcohen.de\/index.php?rest_route=%2Fwp%2Fv2%2Ftags&post=19578"}],"curies":[{"name":"wp","href":"https:\/\/api.w.org\/{rel}","templated":true}]}}