{"id":19706,"date":"2021-05-21T09:09:32","date_gmt":"2021-05-21T07:09:32","guid":{"rendered":"http:\/\/blog.leonardcohen.de\/?p=19706"},"modified":"2021-05-24T09:57:03","modified_gmt":"2021-05-24T07:57:03","slug":"kw-20-2021-2","status":"publish","type":"post","link":"https:\/\/leonardcohen.de\/?p=19706","title":{"rendered":"KW-20-2021: Bayern 2, das BR-Kulturradio, leitet zum Dylan-Schwerpunkt-Wochenende ein&#8230; Feuilletonisten und Kulturredakteure \u00fcberschlagenn sich schon seit Tagen, Wochen, Monaten, gar Jahre, um dem Tag, an dem Bob Dylan 80 Jahre alt wird mit ihren Features gratulieren zu d\u00fcrfen&#8230;mal schauen, was da alles auf uns zukommt&#8230;.ich freue mich drauf &#8230;."},"content":{"rendered":"<h1 class=\"detail_headline\">Zum 80. Geburtstag von Bob Dylan<\/h1>\n<p class=\"detail_lead\">Bayern 2, das BR-Kulturradio, macht den Pfingstmontag zum Dylan-Schwerpunkt-Tag. Am 24. Mai, Bob Dylans 80. Geburtstag, gibt es zahlreiche Sendungen, \u00fcber den US-amerikanischen S\u00e4nger, Songwriter, Schriftsteller, Lyriker und Literaturnobelpreistr\u00e4ger 2016.<\/p>\n<p><strong><a href=\"https:\/\/www.br.de\/presse\/inhalt\/pressemitteilungen\/zum-achtzigsten-geburtstag-von-bob-dylan-100.html\">https:\/\/www.br.de\/presse\/inhalt\/pressemitteilungen\/zum-achtzigsten-geburtstag-von-bob-dylan-100.html<\/a><\/strong><\/p>\n<p>Heute, Freitag, 21. Mai 2021, 21.05 Uhr geht es los mit:<br \/>\nh\u00f6r!spiel!art.mix: Dylan denken<br \/>\nVon Theo Roos und G\u00fcnther Janssen<br \/>\nMit Alan Bangs, Sibylle Canonica, Elfriede Jelinek, Sophie von Kessel, Marlene Streeruwitz, Klaus Theweleit und anderen<\/p>\n","protected":false},"excerpt":{"rendered":"<p>Zum 80. Geburtstag von Bob Dylan Bayern 2, das BR-Kulturradio, macht den Pfingstmontag zum Dylan-Schwerpunkt-Tag. Am 24. Mai, Bob Dylans 80. Geburtstag, gibt es zahlreiche Sendungen, \u00fcber den US-amerikanischen S\u00e4nger, Songwriter, Schriftsteller, Lyriker und Literaturnobelpreistr\u00e4ger 2016. https:\/\/www.br.de\/presse\/inhalt\/pressemitteilungen\/zum-achtzigsten-geburtstag-von-bob-dylan-100.html Heute, Freitag, 21. Mai 2021, 21.05 Uhr geht es los mit: h\u00f6r!spiel!art.mix: Dylan denken Von Theo Roos und [&hellip;]<\/p>\n","protected":false},"author":1,"featured_media":0,"comment_status":"closed","ping_status":"open","sticky":false,"template":"","format":"standard","meta":{"footnotes":""},"categories":[1],"tags":[],"class_list":["post-19706","post","type-post","status-publish","format-standard","hentry","category-allgemein"],"_links":{"self":[{"href":"https:\/\/leonardcohen.de\/index.php?rest_route=\/wp\/v2\/posts\/19706","targetHints":{"allow":["GET"]}}],"collection":[{"href":"https:\/\/leonardcohen.de\/index.php?rest_route=\/wp\/v2\/posts"}],"about":[{"href":"https:\/\/leonardcohen.de\/index.php?rest_route=\/wp\/v2\/types\/post"}],"author":[{"embeddable":true,"href":"https:\/\/leonardcohen.de\/index.php?rest_route=\/wp\/v2\/users\/1"}],"replies":[{"embeddable":true,"href":"https:\/\/leonardcohen.de\/index.php?rest_route=%2Fwp%2Fv2%2Fcomments&post=19706"}],"version-history":[{"count":4,"href":"https:\/\/leonardcohen.de\/index.php?rest_route=\/wp\/v2\/posts\/19706\/revisions"}],"predecessor-version":[{"id":19754,"href":"https:\/\/leonardcohen.de\/index.php?rest_route=\/wp\/v2\/posts\/19706\/revisions\/19754"}],"wp:attachment":[{"href":"https:\/\/leonardcohen.de\/index.php?rest_route=%2Fwp%2Fv2%2Fmedia&parent=19706"}],"wp:term":[{"taxonomy":"category","embeddable":true,"href":"https:\/\/leonardcohen.de\/index.php?rest_route=%2Fwp%2Fv2%2Fcategories&post=19706"},{"taxonomy":"post_tag","embeddable":true,"href":"https:\/\/leonardcohen.de\/index.php?rest_route=%2Fwp%2Fv2%2Ftags&post=19706"}],"curies":[{"name":"wp","href":"https:\/\/api.w.org\/{rel}","templated":true}]}}