{"id":19797,"date":"2021-05-24T10:23:36","date_gmt":"2021-05-24T08:23:36","guid":{"rendered":"http:\/\/blog.leonardcohen.de\/?p=19797"},"modified":"2021-05-24T14:16:30","modified_gmt":"2021-05-24T12:16:30","slug":"kw-21-2021-dylancohen-on-dylancohen-8-comments-part-7-t-b-c","status":"publish","type":"post","link":"https:\/\/leonardcohen.de\/?p=19797","title":{"rendered":"KW-21-2021: Dylan &#038; Cohen on Dylan &#038; Cohen &#8211; 8 Comments-Part 7: &#8222;We were like brothers, we lived on the same street&#8220; said Bob Dylan on Leonard Cohen in Bill Flannagan` s Q&#038;A on boblinks.com &#8211; Part 7: Eight comments from Dylan &#038; Cohen on Dylan &#038; Cohen"},"content":{"rendered":"<p><strong>Bob Dylan, Leonard Cohen and Mount Everest &#8211; On Mount Everest there would be space for two signs: \u201cHighest mountain in the world\u201d. Thoughts &amp; comments on never-ending approaches to the two greatest rock poets of our time &#8211; Bob Dylan turns 80 &#8211; articles &amp; essays by christof graf written and published in the years 1990 \u2013 2021 \/ Part 7: Bob Dylan, Leonard Cohen und der Mount Everest \u2013 Auf dem Mount Everest w\u00e4re Platz f\u00fcr zwei Schilder: \u201eH\u00f6chster Berg der Welt\u201c. Gedanken &amp; Anmerkungen zu nie enden wollenden Ann\u00e4herungen an die zwei gr\u00f6\u00dften Rockpoeten unserer Zeit \u2013 Part 7 \u2013 Bob Dylan wird 80 \u2013<\/strong><\/p>\n<p><em><strong>SOURCE:<\/strong><\/em><\/p>\n<blockquote class=\"wp-embedded-content\" data-secret=\"j4BH5D2JFL\"><p><a href=\"https:\/\/www.bobdylan.com\/news\/qa-with-bill-flanagan\/\">Q&#038;A with Bill Flanagan<\/a><\/p><\/blockquote>\n<p><iframe loading=\"lazy\" class=\"wp-embedded-content\" sandbox=\"allow-scripts\" security=\"restricted\" style=\"position: absolute; visibility: hidden;\" title=\"&#8220;Q&#038;A with Bill Flanagan&#8221; &#8212; The Official Bob Dylan Site\" src=\"https:\/\/www.bobdylan.com\/news\/qa-with-bill-flanagan\/embed\/#?secret=avH0OjYeWA#?secret=j4BH5D2JFL\" data-secret=\"j4BH5D2JFL\" width=\"600\" height=\"338\" frameborder=\"0\" marginwidth=\"0\" marginheight=\"0\" scrolling=\"no\"><\/iframe><\/p>\n<p><em><strong>\u00a0<\/strong><\/em><\/p>\n<p>&nbsp;<\/p>\n<p>&nbsp;<\/p>\n","protected":false},"excerpt":{"rendered":"<p>Bob Dylan, Leonard Cohen and Mount Everest &#8211; On Mount Everest there would be space for two signs: \u201cHighest mountain in the world\u201d. Thoughts &amp; comments on never-ending approaches to the two greatest rock poets of our time &#8211; Bob Dylan turns 80 &#8211; articles &amp; essays by christof graf written and published in the [&hellip;]<\/p>\n","protected":false},"author":1,"featured_media":0,"comment_status":"closed","ping_status":"open","sticky":false,"template":"","format":"standard","meta":{"footnotes":""},"categories":[1],"tags":[],"class_list":["post-19797","post","type-post","status-publish","format-standard","hentry","category-allgemein"],"_links":{"self":[{"href":"https:\/\/leonardcohen.de\/index.php?rest_route=\/wp\/v2\/posts\/19797","targetHints":{"allow":["GET"]}}],"collection":[{"href":"https:\/\/leonardcohen.de\/index.php?rest_route=\/wp\/v2\/posts"}],"about":[{"href":"https:\/\/leonardcohen.de\/index.php?rest_route=\/wp\/v2\/types\/post"}],"author":[{"embeddable":true,"href":"https:\/\/leonardcohen.de\/index.php?rest_route=\/wp\/v2\/users\/1"}],"replies":[{"embeddable":true,"href":"https:\/\/leonardcohen.de\/index.php?rest_route=%2Fwp%2Fv2%2Fcomments&post=19797"}],"version-history":[{"count":8,"href":"https:\/\/leonardcohen.de\/index.php?rest_route=\/wp\/v2\/posts\/19797\/revisions"}],"predecessor-version":[{"id":19837,"href":"https:\/\/leonardcohen.de\/index.php?rest_route=\/wp\/v2\/posts\/19797\/revisions\/19837"}],"wp:attachment":[{"href":"https:\/\/leonardcohen.de\/index.php?rest_route=%2Fwp%2Fv2%2Fmedia&parent=19797"}],"wp:term":[{"taxonomy":"category","embeddable":true,"href":"https:\/\/leonardcohen.de\/index.php?rest_route=%2Fwp%2Fv2%2Fcategories&post=19797"},{"taxonomy":"post_tag","embeddable":true,"href":"https:\/\/leonardcohen.de\/index.php?rest_route=%2Fwp%2Fv2%2Ftags&post=19797"}],"curies":[{"name":"wp","href":"https:\/\/api.w.org\/{rel}","templated":true}]}}