{"id":19961,"date":"2021-06-11T20:16:59","date_gmt":"2021-06-11T18:16:59","guid":{"rendered":"http:\/\/blog.leonardcohen.de\/?p=19961"},"modified":"2021-06-11T20:22:17","modified_gmt":"2021-06-11T18:22:17","slug":"kw-23-2021-my-lil-coronatagebuch-epidemische-lage-von-nationaler-tragweite-wird-fuer-3-monate-verlaengert-fussball-em-start-in-rom-und-rock-am-ring-2021-faellt-aus-haette-2021-aber-heute-begh","status":"publish","type":"post","link":"https:\/\/leonardcohen.de\/?p=19961","title":{"rendered":"KW-23-2021: my lil coronatagebuch:  &#8222;Epidemische Lage von nationaler Tragweite&#8220; wird f\u00fcr 3 Monate verl\u00e4ngert, Fu\u00dfball-EM Start in Rom und Rock am Ring 2021 f\u00e4llt aus, h\u00e4tte 2021 aber heute begonnen, wenn nicht bereits abgesagt und auf 2022 verschoben."},"content":{"rendered":"<p>Die &#8222;epidemische Lage von nationaler Tragweite&#8220; gibt dem Bund das Recht, ohne Zustimmung des Bundesrates Verordnungen zu erlassen, etwa zu Tests, Impfungen, zum Arbeitsschutz oder zur Einreise. Der Bundestag hatte die &#8222;epidemische Lage&#8220; erstmals am 25. M\u00e4rz 2020 festgestellt. Ohne Verl\u00e4ngerung w\u00fcrde sie Ende Juni auslaufen. Nun wird sie maximal f\u00fcr drei Monate verl\u00e4ngert<\/p>\n<p>&nbsp;<\/p>\n<ul>\n<li>Bundesregierung hebt Reisewarnung f\u00fcr Risikogebiete auf<\/li>\n<li>Digitaler Impfnachweis k\u00fcnftig auch in Luca-App<\/li>\n<li>Ganz \u00d6sterreich ab Sonntag kein Risikogebiet mehr<\/li>\n<li>RKI meldet 2440 Neuinfektionen &#8211; Inzidenz bei 18,6<\/li>\n<\/ul>\n<p>Quelle: <a href=\"https:\/\/www.tagesschau.de\/newsticker\/liveblog-coronavirus-freitag-241.html\">https:\/\/www.tagesschau.de\/newsticker\/liveblog-coronavirus-freitag-241.html<\/a><\/p>\n<p>&nbsp;<\/p>\n","protected":false},"excerpt":{"rendered":"<p>Die &#8222;epidemische Lage von nationaler Tragweite&#8220; gibt dem Bund das Recht, ohne Zustimmung des Bundesrates Verordnungen zu erlassen, etwa zu Tests, Impfungen, zum Arbeitsschutz oder zur Einreise. Der Bundestag hatte die &#8222;epidemische Lage&#8220; erstmals am 25. M\u00e4rz 2020 festgestellt. Ohne Verl\u00e4ngerung w\u00fcrde sie Ende Juni auslaufen. Nun wird sie maximal f\u00fcr drei Monate verl\u00e4ngert &nbsp; [&hellip;]<\/p>\n","protected":false},"author":1,"featured_media":0,"comment_status":"closed","ping_status":"open","sticky":false,"template":"","format":"standard","meta":{"footnotes":""},"categories":[1],"tags":[],"class_list":["post-19961","post","type-post","status-publish","format-standard","hentry","category-allgemein"],"_links":{"self":[{"href":"https:\/\/leonardcohen.de\/index.php?rest_route=\/wp\/v2\/posts\/19961","targetHints":{"allow":["GET"]}}],"collection":[{"href":"https:\/\/leonardcohen.de\/index.php?rest_route=\/wp\/v2\/posts"}],"about":[{"href":"https:\/\/leonardcohen.de\/index.php?rest_route=\/wp\/v2\/types\/post"}],"author":[{"embeddable":true,"href":"https:\/\/leonardcohen.de\/index.php?rest_route=\/wp\/v2\/users\/1"}],"replies":[{"embeddable":true,"href":"https:\/\/leonardcohen.de\/index.php?rest_route=%2Fwp%2Fv2%2Fcomments&post=19961"}],"version-history":[{"count":2,"href":"https:\/\/leonardcohen.de\/index.php?rest_route=\/wp\/v2\/posts\/19961\/revisions"}],"predecessor-version":[{"id":19966,"href":"https:\/\/leonardcohen.de\/index.php?rest_route=\/wp\/v2\/posts\/19961\/revisions\/19966"}],"wp:attachment":[{"href":"https:\/\/leonardcohen.de\/index.php?rest_route=%2Fwp%2Fv2%2Fmedia&parent=19961"}],"wp:term":[{"taxonomy":"category","embeddable":true,"href":"https:\/\/leonardcohen.de\/index.php?rest_route=%2Fwp%2Fv2%2Fcategories&post=19961"},{"taxonomy":"post_tag","embeddable":true,"href":"https:\/\/leonardcohen.de\/index.php?rest_route=%2Fwp%2Fv2%2Ftags&post=19961"}],"curies":[{"name":"wp","href":"https:\/\/api.w.org\/{rel}","templated":true}]}}