{"id":20256,"date":"2021-07-01T09:10:06","date_gmt":"2021-07-01T07:10:06","guid":{"rendered":"http:\/\/blog.leonardcohen.de\/?p=20256"},"modified":"2021-07-01T09:14:10","modified_gmt":"2021-07-01T07:14:10","slug":"kw-26-2021-urgestein-trifft-urgestein-langjaehriger-sr-unterhaltungs-chef-roland-helm-70-portratiert-boney_m-und-villi-manilli-erfinder-frank_farian-frank-farian-wird-am-18-juli-2021-80-jahr","status":"publish","type":"post","link":"https:\/\/leonardcohen.de\/?p=20256","title":{"rendered":"KW-26-2021: Urgestein trifft Urgestein &#8211; Langj\u00e4hriger SR-Unterhaltungs-Chef Roland Helm (70) portraitiert BONEY_M und Milli Vanilli &#8211; Erfinder #Frank_Farian (80). Frank Farian wird am 18. Juli 2021 80 jahre alt. Heute, am Donnerstag, 1. Juli, 20.15 Uhr, im SR Fernsehen l\u00e4uft eine von Roland Helm produzierte Dokumentation."},"content":{"rendered":"<p><a href=\"http:\/\/blog.leonardcohen.de\/wp-content\/uploads\/2021\/07\/frankfarian-sr.jpg\"><img loading=\"lazy\" decoding=\"async\" class=\"aligncenter size-thumbnail wp-image-20258\" src=\"http:\/\/blog.leonardcohen.de\/wp-content\/uploads\/2021\/07\/frankfarian-sr-150x150.jpg\" alt=\"\" width=\"150\" height=\"150\" \/><\/a>Quelle:<a href=\"https:\/\/www.sr.de\/sr\/home\/der_sr\/kommunikation\/aktuell\/20210628_pm_saartalk_daddy_cool_frank_farian_100.html\"> https:\/\/www.sr.de\/sr\/home\/der_sr\/kommunikation\/aktuell\/20210628_pm_saartalk_daddy_cool_frank_farian_100.html<\/a><\/p>\n<p><em><strong>\u00a0&#8230; hei\u00dft in der Doku-&#8222;Ber\u00fchmte Namen in seinem Studio waren neben anderen Stevie Wonder und Meatloaf. Mit hunderten Gold- und Platin-Schallplatten aus aller Welt hat er viele internationale Kollegen um L\u00e4ngen \u00fcberholt .<\/strong><\/em><\/p>\n<p><em><strong>Der langj\u00e4hrige SR-Redakteur und Musiker Roland Helm hat Frank Farian \u00fcber die Jahre mehrfach pers\u00f6nlich getroffen und in seinen beiden B\u00fcchern \u201eSaar Rock History\u201c (1991 und 2001) \u00fcber ihn geschrieben. Zuletzt traf er ihn in dessen heutigem Studio in Miami.<\/strong><\/em><\/p>\n<p><a href=\"https:\/\/www.sr.de\/sr\/mediathek\/audio\/SR1_BE_15910.html\">https:\/\/www.sr.de\/sr\/mediathek\/audio\/SR1_BE_15910.html<\/a><\/p>\n<h2><em><strong>Zum Inhalt des Films<\/strong><\/em><\/h2>\n<p><em><strong>Der 45-Minuten-Film zum 80. Geburtstag des Ausnahmeproduzenten zeichnet das enorme musikalische Lebenswerk des Mannes aus Elversberg nach, zeigt H\u00f6hepunkte und R\u00fcckschl\u00e4ge und l\u00e4sst neben dem Jubilar selbst auch viele Wegbegleiterinnen und Wegbegeleiter zu Wort kommen. Nicht zuletzt Liz Mitchell, die Leads\u00e4ngerin von Boney M., die heute noch sehr munter und r\u00fchrig auf Tour ist.<\/strong><\/em><\/p>\n<p><em><strong>Und genau p\u00fcnktlich zum Film kehrt Farian zu seinen Wurzeln zur\u00fcck: Gerade hat er neue Versionen der Songs seiner \u201eSchatten\u201c fertig, mit denen vor vielen, vielen Jahren alles begann &#8211; im saarl\u00e4ndischen Elversberg.&#8220; &#8230;.<\/strong><\/em> hei\u00dft in der Doku-Beschreibung zur heutigen Erstausstrahlung.<\/p>\n","protected":false},"excerpt":{"rendered":"<p>Quelle: https:\/\/www.sr.de\/sr\/home\/der_sr\/kommunikation\/aktuell\/20210628_pm_saartalk_daddy_cool_frank_farian_100.html \u00a0&#8230; hei\u00dft in der Doku-&#8222;Ber\u00fchmte Namen in seinem Studio waren neben anderen Stevie Wonder und Meatloaf. Mit hunderten Gold- und Platin-Schallplatten aus aller Welt hat er viele internationale Kollegen um L\u00e4ngen \u00fcberholt . Der langj\u00e4hrige SR-Redakteur und Musiker Roland Helm hat Frank Farian \u00fcber die Jahre mehrfach pers\u00f6nlich getroffen und in seinen beiden [&hellip;]<\/p>\n","protected":false},"author":1,"featured_media":0,"comment_status":"closed","ping_status":"open","sticky":false,"template":"","format":"standard","meta":{"footnotes":""},"categories":[1],"tags":[],"class_list":["post-20256","post","type-post","status-publish","format-standard","hentry","category-allgemein"],"_links":{"self":[{"href":"https:\/\/leonardcohen.de\/index.php?rest_route=\/wp\/v2\/posts\/20256","targetHints":{"allow":["GET"]}}],"collection":[{"href":"https:\/\/leonardcohen.de\/index.php?rest_route=\/wp\/v2\/posts"}],"about":[{"href":"https:\/\/leonardcohen.de\/index.php?rest_route=\/wp\/v2\/types\/post"}],"author":[{"embeddable":true,"href":"https:\/\/leonardcohen.de\/index.php?rest_route=\/wp\/v2\/users\/1"}],"replies":[{"embeddable":true,"href":"https:\/\/leonardcohen.de\/index.php?rest_route=%2Fwp%2Fv2%2Fcomments&post=20256"}],"version-history":[{"count":5,"href":"https:\/\/leonardcohen.de\/index.php?rest_route=\/wp\/v2\/posts\/20256\/revisions"}],"predecessor-version":[{"id":20262,"href":"https:\/\/leonardcohen.de\/index.php?rest_route=\/wp\/v2\/posts\/20256\/revisions\/20262"}],"wp:attachment":[{"href":"https:\/\/leonardcohen.de\/index.php?rest_route=%2Fwp%2Fv2%2Fmedia&parent=20256"}],"wp:term":[{"taxonomy":"category","embeddable":true,"href":"https:\/\/leonardcohen.de\/index.php?rest_route=%2Fwp%2Fv2%2Fcategories&post=20256"},{"taxonomy":"post_tag","embeddable":true,"href":"https:\/\/leonardcohen.de\/index.php?rest_route=%2Fwp%2Fv2%2Ftags&post=20256"}],"curies":[{"name":"wp","href":"https:\/\/api.w.org\/{rel}","templated":true}]}}