{"id":20268,"date":"2021-07-02T09:06:09","date_gmt":"2021-07-02T07:06:09","guid":{"rendered":"http:\/\/blog.leonardcohen.de\/?p=20268"},"modified":"2021-07-02T09:13:58","modified_gmt":"2021-07-02T07:13:58","slug":"kw-26-2021-roland-helm-ard-korrospondent-und-erfinder-der-sr1-abendrot-sendung-des-saarlaendischen-rundfunks","status":"publish","type":"post","link":"https:\/\/leonardcohen.de\/?p=20268","title":{"rendered":"KW-26-2021: in Sachen &#8222;From The Archives&#8220; : Roland Helm &#8211; ARD-Korrospondent und Erfinder der SR1-ABENDROT-Sendung des SAARL\u00c4NDISCHEN RUNDFUNKS"},"content":{"rendered":"<div class=\"mejs-inner\">\n<div class=\"mejs-mediaelement\"><\/div>\n<\/div>\n<div class=\"mejs-time mejs-currenttime-container\" role=\"timer\" aria-live=\"off\">Ein wenig Wehmut lag in der Luft, als Roland Helm 2016 seine letzte Abendrot-Sendung On Air-gehen lie\u00df. Helm ging nach seiner jahrzehntelangen T\u00e4tigkeit beim SAARL\u00c4NDISCHEN RUNDFUNK in den verdienten Ruhestand. Was f\u00fcr viele nur Durchgangsstation war, war f\u00fcr ihn Heimat und Plattform k\u00fcnstlerischen und journalistischen Ausdrucksverm\u00f6gen.<\/div>\n<div role=\"timer\" aria-live=\"off\"><\/div>\n<div role=\"timer\" aria-live=\"off\">in der von ihm errfundenen Senbdung SR1-Abendrot portraitierte er K\u00fcnstler, dokumentierte und berichtete. Die letzte Sendung ging \u00fcber ihn selbst.<\/div>\n<div role=\"timer\" aria-live=\"off\"><\/div>\n<div role=\"timer\" aria-live=\"off\">Seine Nachfolger sind nicht erw\u00e4hnenswert, sie kamen nei an seine Klasse heran.<\/div>\n<div class=\"mejs-time-rail\"><\/div>\n<div>Roland Helm ist auch Musiker, Bandleader bei Saarbruck Libre und Initiator des TRIBUTE TO LEONARD COHEN-Projectes.<\/div>\n<div><\/div>\n<div>Im August 2016 hattenw ir eine letzte gemeinsame Sendung zum ersten Band des LEONARD COHEN &#8211; LEXIKONS &#8222;ZEN &amp; POESIE&#8220; . Nach Band 1 erschienen mittlerweile 4 weitere B\u00e4nde und weitere sind in Arbeit.<\/div>\n<div><\/div>\n<div>Hier ein podcast zu unserer letzten Sendung&#8230;.<\/div>\n<div><\/div>\n<div>\n<!--[if lt IE 9]><script>document.createElement('audio');<\/script><![endif]-->\n<audio class=\"wp-audio-shortcode\" id=\"audio-20268-1\" preload=\"none\" style=\"width: 100%;\" controls=\"controls\"><source type=\"audio\/mpeg\" src=\"http:\/\/blog.leonardcohen.de\/wp-content\/uploads\/2021\/07\/2016-08-01_160801-sr1-abendrot-cohenpedia-zenundpoesie-by-christof-graf-leonardcohen-lexikon.mp3?_=1\" \/><a href=\"http:\/\/blog.leonardcohen.de\/wp-content\/uploads\/2021\/07\/2016-08-01_160801-sr1-abendrot-cohenpedia-zenundpoesie-by-christof-graf-leonardcohen-lexikon.mp3\">http:\/\/blog.leonardcohen.de\/wp-content\/uploads\/2021\/07\/2016-08-01_160801-sr1-abendrot-cohenpedia-zenundpoesie-by-christof-graf-leonardcohen-lexikon.mp3<\/a><\/audio>\n<\/div>\n<div><\/div>\n<div>\n<p><a href=\"http:\/\/blog.leonardcohen.de\/wp-content\/uploads\/2021\/07\/SR1-Abendrot-ZEN_UND_POUESIE-By-christofGraf-Saarl\u00e4ndischerRundfunk.jpg\"><img loading=\"lazy\" decoding=\"async\" class=\"aligncenter size-thumbnail wp-image-20271\" src=\"http:\/\/blog.leonardcohen.de\/wp-content\/uploads\/2021\/07\/SR1-Abendrot-ZEN_UND_POUESIE-By-christofGraf-Saarl\u00e4ndischerRundfunk-150x150.jpg\" alt=\"\" width=\"150\" height=\"150\" \/><\/a>weitere podcasts auf der cohenpedia:<\/p>\n<\/div>\n<p>&nbsp;<\/p>\n","protected":false},"excerpt":{"rendered":"<p>Ein wenig Wehmut lag in der Luft, als Roland Helm 2016 seine letzte Abendrot-Sendung On Air-gehen lie\u00df. Helm ging nach seiner jahrzehntelangen T\u00e4tigkeit beim SAARL\u00c4NDISCHEN RUNDFUNK in den verdienten Ruhestand. Was f\u00fcr viele nur Durchgangsstation war, war f\u00fcr ihn Heimat und Plattform k\u00fcnstlerischen und journalistischen Ausdrucksverm\u00f6gen. in der von ihm errfundenen Senbdung SR1-Abendrot portraitierte er [&hellip;]<\/p>\n","protected":false},"author":1,"featured_media":20271,"comment_status":"closed","ping_status":"open","sticky":false,"template":"","format":"standard","meta":{"footnotes":""},"categories":[1],"tags":[],"class_list":["post-20268","post","type-post","status-publish","format-standard","has-post-thumbnail","hentry","category-allgemein"],"_links":{"self":[{"href":"https:\/\/leonardcohen.de\/index.php?rest_route=\/wp\/v2\/posts\/20268","targetHints":{"allow":["GET"]}}],"collection":[{"href":"https:\/\/leonardcohen.de\/index.php?rest_route=\/wp\/v2\/posts"}],"about":[{"href":"https:\/\/leonardcohen.de\/index.php?rest_route=\/wp\/v2\/types\/post"}],"author":[{"embeddable":true,"href":"https:\/\/leonardcohen.de\/index.php?rest_route=\/wp\/v2\/users\/1"}],"replies":[{"embeddable":true,"href":"https:\/\/leonardcohen.de\/index.php?rest_route=%2Fwp%2Fv2%2Fcomments&post=20268"}],"version-history":[{"count":5,"href":"https:\/\/leonardcohen.de\/index.php?rest_route=\/wp\/v2\/posts\/20268\/revisions"}],"predecessor-version":[{"id":20275,"href":"https:\/\/leonardcohen.de\/index.php?rest_route=\/wp\/v2\/posts\/20268\/revisions\/20275"}],"wp:featuredmedia":[{"embeddable":true,"href":"https:\/\/leonardcohen.de\/index.php?rest_route=\/wp\/v2\/media\/20271"}],"wp:attachment":[{"href":"https:\/\/leonardcohen.de\/index.php?rest_route=%2Fwp%2Fv2%2Fmedia&parent=20268"}],"wp:term":[{"taxonomy":"category","embeddable":true,"href":"https:\/\/leonardcohen.de\/index.php?rest_route=%2Fwp%2Fv2%2Fcategories&post=20268"},{"taxonomy":"post_tag","embeddable":true,"href":"https:\/\/leonardcohen.de\/index.php?rest_route=%2Fwp%2Fv2%2Ftags&post=20268"}],"curies":[{"name":"wp","href":"https:\/\/api.w.org\/{rel}","templated":true}]}}