{"id":21162,"date":"2021-09-18T10:38:14","date_gmt":"2021-09-18T08:38:14","guid":{"rendered":"http:\/\/blog.leonardcohen.de\/?p=21162"},"modified":"2021-09-18T10:56:56","modified_gmt":"2021-09-18T08:56:56","slug":"kw-37-2021-my-lil-corona-tagebuch-wegen-corona-im-april-2020-verschoben-auf-oktober-2020-wegen-corona-im-oktober-2020-verschoben-auf-oktober-2021-jetzt-ist-das-vermaechtnis-von-christof-i","status":"publish","type":"post","link":"https:\/\/leonardcohen.de\/?p=21162","title":{"rendered":"KW-37-2021: My lil corona tagebuch &#8230;. #Christo_in_Paris_2021 : wegen Corona im April 2020 verschoben auf Oktober 2020, &#8230;. wegen Corona im Oktober 2020 verschoben auf Oktober 2021: Jetzt ist das Verm\u00e4chtnis von Christo in Paris fertig und ab heute f\u00fcr die \u00d6ffentlichkeit zug\u00e4nglich. Auf nach Paris und nicht die Corona-Regeln missachten :-)"},"content":{"rendered":"<p style=\"text-align: center;\"><a href=\"http:\/\/blog.leonardcohen.de\/wp-content\/uploads\/2021\/09\/christo1c.jpg\"><img loading=\"lazy\" decoding=\"async\" class=\"aligncenter size-thumbnail wp-image-21163\" src=\"http:\/\/blog.leonardcohen.de\/wp-content\/uploads\/2021\/09\/christo1c-150x150.jpg\" alt=\"\" width=\"150\" height=\"150\" \/><\/a> <a href=\"http:\/\/blog.leonardcohen.de\/wp-content\/uploads\/2021\/09\/christof1b.jpg\"><img loading=\"lazy\" decoding=\"async\" class=\"aligncenter size-thumbnail wp-image-21164\" src=\"http:\/\/blog.leonardcohen.de\/wp-content\/uploads\/2021\/09\/christof1b-150x150.jpg\" alt=\"\" width=\"150\" height=\"150\" \/><\/a> <a href=\"http:\/\/blog.leonardcohen.de\/wp-content\/uploads\/2021\/09\/christo1a.jpg\"><img loading=\"lazy\" decoding=\"async\" class=\"aligncenter size-thumbnail wp-image-21165\" src=\"http:\/\/blog.leonardcohen.de\/wp-content\/uploads\/2021\/09\/christo1a-150x150.jpg\" alt=\"\" width=\"150\" height=\"150\" \/><\/a>Quelle: <strong><a href=\"https:\/\/christojeanneclaude.net\">https:\/\/christojeanneclaude.net<\/a><\/strong><\/p>\n<p style=\"text-align: center;\">Und wie ist die sonstige Corona-Lage? Zun\u00e4chste einmal f\u00fcr Frankreich\/ Paris zum Besuch des Arc De Triumphe:<\/p>\n<div class=\"seitenkopf\">\n<div class=\"seitenkopf__data columns twelve m-ten m-offset-one l-eight l-offset-two\">\n<div class=\"seitenkopf__title\">\n<h1 class=\"seitenkopf__headline\"><span class=\"seitenkopf__headline--text\">+ Mehr als 86 Prozent in Frankreich geimpft +<\/span><\/h1>\n<p class=\"seitenkopf__datetime\">Stand: 17.09.2021 22:09 Uhr<\/p>\n<\/div>\n<\/div>\n<\/div>\n<p class=\"m-ten m-offset-one l-eight l-offset-two textabsatz columns twelve\"><strong>In Frankreich haben mehr als 86 Prozent der Einwohner ab zw\u00f6lf Jahren mindestens eine Corona-Impfdosis erhalten.<\/strong><\/p>\n<p>Zur Situation in Frankreich aktuell?<\/p>\n<h1 class=\"heading__title\"><span class=\"heading__title-text\"> Frankreich: Reise- und Sicherheitshinweise (COVID-19-bedingte Teilreisewarnung)<\/span> <span class=\"heading__flag\"> <picture class=\"c-picture--flag\" data-css=\"c-picture\"> <img decoding=\"async\" class=\"picture__image\" title=\"Frankreich\" src=\"https:\/\/www.auswaertiges-amt.de\/blob\/209542\/001e4c6b3e41f3fe24a5100ed9f18878\/frankreich-node-picture.jpg\" alt=\"Frankreich\" \/> <\/picture> <\/span><\/h1>\n<p><span class=\"heading__meta\"> Stand &#8211; 18.09.2021<br \/>\n(Unver\u00e4ndert g\u00fcltig seit: 13.09.2021)<\/span><\/p>\n<p><em><strong><a href=\"https:\/\/www.auswaertiges-amt.de\/de\/ReiseUndSicherheit\/frankreichsicherheit\/209524\"><span class=\"heading__meta\">https:\/\/www.auswaertiges-amt.de\/de\/ReiseUndSicherheit\/frankreichsicherheit\/209524<\/span><\/a><\/strong><\/em><\/p>\n<p>Und was gibts noch f\u00fcrs &#8222;lil corona tagebuch&#8220; am Ende der KW 37 &#8211; 2021 ?<\/p>\n<h2 class=\"meldung__subhead columns twelve m-ten m-offset-one l-eight l-offset-two\">-11.022 Neuinfektionen, Inzidenz bei 74,7<\/h2>\n<h2>-In Belgien f\u00e4llt ab 1. Oktober Maskenpflicht und Clubs \u00f6ffnen<\/h2>\n<h2 class=\"meldung__subhead columns twelve m-ten m-offset-one l-eight l-offset-two\">-Gro\u00dfbritannien lockert Einreise-Regeln<\/h2>\n<h2 class=\"meldung__subhead columns twelve m-ten m-offset-one l-eight l-offset-two\">-Schweiz versch\u00e4rft Einreise-Bestimmungen<\/h2>\n<h2 class=\"meldung__subhead columns twelve m-ten m-offset-one l-eight l-offset-two\">-Ehrendoktorw\u00fcrde f\u00fcr BioNTech\/Pfizer-Gr\u00fcnder<\/h2>\n<p class=\"m-ten m-offset-one l-eight l-offset-two textabsatz columns twelve\">Die Gr\u00fcnder der deutschen Pharmafirma BioNTech\/Pfizer, \u00d6zlem T\u00fcreci und Ugur Sahin, sind mit der Ehrendoktorw\u00fcrde der medizinischen Fakult\u00e4t der Universit\u00e4t K\u00f6ln ausgezeichnet worden<\/p>\n<p>==&gt; Hat er mehr als verdient &#8230;<\/p>\n<p>Quelle: u.a.<a href=\"https:\/\/www.tagesschau.de\/newsticker\/liveblog-coronavirus-freitag-277.html\"> https:\/\/www.tagesschau.de\/newsticker\/liveblog-coronavirus-freitag-277.html<\/a><\/p>\n<p>&nbsp;<\/p>\n<p>&nbsp;<\/p>\n","protected":false},"excerpt":{"rendered":"<p>Quelle: https:\/\/christojeanneclaude.net Und wie ist die sonstige Corona-Lage? Zun\u00e4chste einmal f\u00fcr Frankreich\/ Paris zum Besuch des Arc De Triumphe: + Mehr als 86 Prozent in Frankreich geimpft + Stand: 17.09.2021 22:09 Uhr In Frankreich haben mehr als 86 Prozent der Einwohner ab zw\u00f6lf Jahren mindestens eine Corona-Impfdosis erhalten. Zur Situation in Frankreich aktuell? Frankreich: Reise- [&hellip;]<\/p>\n","protected":false},"author":1,"featured_media":0,"comment_status":"closed","ping_status":"open","sticky":false,"template":"","format":"standard","meta":{"footnotes":""},"categories":[1],"tags":[],"class_list":["post-21162","post","type-post","status-publish","format-standard","hentry","category-allgemein"],"_links":{"self":[{"href":"https:\/\/leonardcohen.de\/index.php?rest_route=\/wp\/v2\/posts\/21162","targetHints":{"allow":["GET"]}}],"collection":[{"href":"https:\/\/leonardcohen.de\/index.php?rest_route=\/wp\/v2\/posts"}],"about":[{"href":"https:\/\/leonardcohen.de\/index.php?rest_route=\/wp\/v2\/types\/post"}],"author":[{"embeddable":true,"href":"https:\/\/leonardcohen.de\/index.php?rest_route=\/wp\/v2\/users\/1"}],"replies":[{"embeddable":true,"href":"https:\/\/leonardcohen.de\/index.php?rest_route=%2Fwp%2Fv2%2Fcomments&post=21162"}],"version-history":[{"count":7,"href":"https:\/\/leonardcohen.de\/index.php?rest_route=\/wp\/v2\/posts\/21162\/revisions"}],"predecessor-version":[{"id":21172,"href":"https:\/\/leonardcohen.de\/index.php?rest_route=\/wp\/v2\/posts\/21162\/revisions\/21172"}],"wp:attachment":[{"href":"https:\/\/leonardcohen.de\/index.php?rest_route=%2Fwp%2Fv2%2Fmedia&parent=21162"}],"wp:term":[{"taxonomy":"category","embeddable":true,"href":"https:\/\/leonardcohen.de\/index.php?rest_route=%2Fwp%2Fv2%2Fcategories&post=21162"},{"taxonomy":"post_tag","embeddable":true,"href":"https:\/\/leonardcohen.de\/index.php?rest_route=%2Fwp%2Fv2%2Ftags&post=21162"}],"curies":[{"name":"wp","href":"https:\/\/api.w.org\/{rel}","templated":true}]}}