{"id":21330,"date":"2021-10-01T09:38:46","date_gmt":"2021-10-01T07:38:46","guid":{"rendered":"http:\/\/blog.leonardcohen.de\/?p=21330"},"modified":"2021-10-02T09:20:30","modified_gmt":"2021-10-02T07:20:30","slug":"kw-39-2021","status":"publish","type":"post","link":"https:\/\/leonardcohen.de\/?p=21330","title":{"rendered":"KW-39-2021: My lil corona tagebuch &#8230;. #Keine_Zeit_zu_sterben &#8211; Das Warten hat sich gelohnt &#8211; Das Schicksal hat uns wieder zusammengef\u00fchrt &#8211; Jetzt ist Dein Gegegner auch mein Gegner  &#8211; &#8230; Wird immer schlimmer, Gut und B\u00f6se, Schurken und Helden zu unterscheiden &#8230;. ach was hat er uns mit diesen Spr\u00fcchen doch gefehlt &#8230; Neben all den Corona-Meldungen diese Woche, ist der Kino-Start des neuen James Bond und wohl letzte Einsatz von Daniel Craig mit die sch\u00f6nste Info im Wochenausklang. Laut der nachrichtenagentur Reuters gibt es weltweit mehr als f\u00fcnf Millionen Corona-Tote . Und was gab es sonst noch &#8230;. ?"},"content":{"rendered":"<p><iframe loading=\"lazy\" title=\"JAMES BOND 007: KEINE ZEIT ZU STERBEN Finaler Trailer German Deutsch (2021)\" width=\"625\" height=\"352\" src=\"https:\/\/www.youtube.com\/embed\/99T6wdxATiM?feature=oembed\" frameborder=\"0\" allow=\"accelerometer; autoplay; clipboard-write; encrypted-media; gyroscope; picture-in-picture; web-share\" referrerpolicy=\"strict-origin-when-cross-origin\" allowfullscreen><\/iframe><\/p>\n<p><a href=\"http:\/\/blog.leonardcohen.de\/wp-content\/uploads\/2021\/10\/JamesBond2021-Keinezeitzusterben.jpg\"><img loading=\"lazy\" decoding=\"async\" class=\"aligncenter size-thumbnail wp-image-21332\" src=\"http:\/\/blog.leonardcohen.de\/wp-content\/uploads\/2021\/10\/JamesBond2021-Keinezeitzusterben-150x150.jpg\" alt=\"\" width=\"150\" height=\"150\" \/><\/a><\/p>\n<div class=\"seitenkopf\">\n<div class=\"seitenkopf__data columns twelve m-ten m-offset-one l-eight l-offset-two\">\n<div class=\"seitenkopf__title\">\n<h1 class=\"seitenkopf__headline\"><span class=\"seitenkopf__headline--text\">++ RKI meldet 8517 Neuinfektionen ++<\/span><\/h1>\n<p class=\"seitenkopf__datetime\">Stand: 02.10.2021 08:53 Uhr<\/p>\n<\/div>\n<\/div>\n<\/div>\n<p class=\"m-ten m-offset-one l-eight l-offset-two textabsatz columns twelve\"><strong>Das RKI hat am Morgen 8517 Neuinfektionen gemeldet. Impfungen mit Moderna k\u00f6nnen zu mehr F\u00e4llen von Herzentz\u00fcndungen f\u00fchren als Impfungen mit Pfizer\/BioNTech. Weltweit gibt es mehr als f\u00fcnf Millionen Covid-Tote. Alle Entwicklungen im Liveblog.<\/strong><\/p>\n<div class=\"columns twelve m-ten m-offset-one l-eight l-offset-two\">\n<ul class=\"bulletpoint-list \">\n<li>Weltweit laut Reuters mehr als f\u00fcnf Millionen Corona-Tote<\/li>\n<li>RKI meldet 8517 &#8211; Sieben-Tage-Inzidenz bei 64,<\/li>\n<\/ul>\n<div class=\"liveblog__datetime columns twelve m-ten m-offset-one l-eight l-offset-two\">08:41 Uhr<\/div>\n<h2 class=\"meldung__subhead columns twelve m-ten m-offset-one l-eight l-offset-two\">Diskussion \u00fcber Maskenpflicht in Schulen<\/h2>\n<p class=\"m-ten m-offset-one l-eight l-offset-two textabsatz columns twelve\">Die Diskussion \u00fcber die Maskenpflicht an Schulen dauert an. W\u00e4hrend \u00c4rzteverb\u00e4nde f\u00fcr\u00a0eine Aufhebung der Regelung pl\u00e4dierten, kritisierte die Virologin Melanie Brinkmann eine Abschaffung der Maskenpflicht als verfr\u00fcht.<\/p>\n<div class=\"liveblog__datetime columns twelve m-ten m-offset-one l-eight l-offset-two\">05:51 Uhr<\/div>\n<h2 class=\"meldung__subhead columns twelve m-ten m-offset-one l-eight l-offset-two\">Weltweit mehr als f\u00fcnf Millionen Covid-Tote<\/h2>\n<div class=\"liveblog__datetime columns twelve m-ten m-offset-one l-eight l-offset-two\">04:43 Uhr<\/div>\n<h2 class=\"meldung__subhead columns twelve m-ten m-offset-one l-eight l-offset-two\">RKI registriert 8517 Neuinfektionen &#8211; Inzidenz steigt wieder<\/h2>\n<p class=\"m-ten m-offset-one l-eight l-offset-two textabsatz columns twelve\">Die Sieben-Tage-Inzidenz in Deutschland ist am vierten Tag in Folge etwas gestiegen. Das Robert Koch-Institut gab den Wert der Neuinfektionen pro 100.000 Einwohner und Woche am Morgen mit 64,4 an. Zum Vergleich: Am Vortag hatte der Wert bei 64,3 gelegen, vor einer Woche bei 60,6 (Vormonat: 76,9).<\/p>\n<\/div>\n<p>und das sind nur Ausz\u00fcge von Heute, 2. Oktober 2021<\/p>\n<p>Quelle: <em><strong><a href=\"https:\/\/www.tagesschau.de\/newsticker\/liveblog-coronavirus-samstag-297.html\">https:\/\/www.tagesschau.de\/newsticker\/liveblog-coronavirus-samstag-297.html<\/a><\/strong><\/em><\/p>\n<p>&nbsp;<\/p>\n","protected":false},"excerpt":{"rendered":"<p>++ RKI meldet 8517 Neuinfektionen ++ Stand: 02.10.2021 08:53 Uhr Das RKI hat am Morgen 8517 Neuinfektionen gemeldet. Impfungen mit Moderna k\u00f6nnen zu mehr F\u00e4llen von Herzentz\u00fcndungen f\u00fchren als Impfungen mit Pfizer\/BioNTech. Weltweit gibt es mehr als f\u00fcnf Millionen Covid-Tote. Alle Entwicklungen im Liveblog. Weltweit laut Reuters mehr als f\u00fcnf Millionen Corona-Tote RKI meldet 8517 [&hellip;]<\/p>\n","protected":false},"author":1,"featured_media":0,"comment_status":"closed","ping_status":"open","sticky":false,"template":"","format":"standard","meta":{"footnotes":""},"categories":[1],"tags":[],"class_list":["post-21330","post","type-post","status-publish","format-standard","hentry","category-allgemein"],"_links":{"self":[{"href":"https:\/\/leonardcohen.de\/index.php?rest_route=\/wp\/v2\/posts\/21330","targetHints":{"allow":["GET"]}}],"collection":[{"href":"https:\/\/leonardcohen.de\/index.php?rest_route=\/wp\/v2\/posts"}],"about":[{"href":"https:\/\/leonardcohen.de\/index.php?rest_route=\/wp\/v2\/types\/post"}],"author":[{"embeddable":true,"href":"https:\/\/leonardcohen.de\/index.php?rest_route=\/wp\/v2\/users\/1"}],"replies":[{"embeddable":true,"href":"https:\/\/leonardcohen.de\/index.php?rest_route=%2Fwp%2Fv2%2Fcomments&post=21330"}],"version-history":[{"count":9,"href":"https:\/\/leonardcohen.de\/index.php?rest_route=\/wp\/v2\/posts\/21330\/revisions"}],"predecessor-version":[{"id":21340,"href":"https:\/\/leonardcohen.de\/index.php?rest_route=\/wp\/v2\/posts\/21330\/revisions\/21340"}],"wp:attachment":[{"href":"https:\/\/leonardcohen.de\/index.php?rest_route=%2Fwp%2Fv2%2Fmedia&parent=21330"}],"wp:term":[{"taxonomy":"category","embeddable":true,"href":"https:\/\/leonardcohen.de\/index.php?rest_route=%2Fwp%2Fv2%2Fcategories&post=21330"},{"taxonomy":"post_tag","embeddable":true,"href":"https:\/\/leonardcohen.de\/index.php?rest_route=%2Fwp%2Fv2%2Ftags&post=21330"}],"curies":[{"name":"wp","href":"https:\/\/api.w.org\/{rel}","templated":true}]}}