{"id":21378,"date":"2021-10-05T08:32:19","date_gmt":"2021-10-05T06:32:19","guid":{"rendered":"http:\/\/blog.leonardcohen.de\/?p=21378"},"modified":"2021-10-05T08:35:34","modified_gmt":"2021-10-05T06:35:34","slug":"kw-40-2021-und-youtube-achte-darauf-aufmerksam-dass-es-allerdings-nur-verdachtsfaelle-auf-verstoesse-gegen-das-urheberrecht-gibt-ein-hinweis-dafuer-dass-wohl-bald-eine-veroeffentlichung-wohl","status":"publish","type":"post","link":"https:\/\/leonardcohen.de\/?p=21378","title":{"rendered":"KW-40-2021: und YOUTUBE machte dieser Tage darauf aufmerksam, da\u00df es &#8211; allerdings nur Verdachtsf\u00e4lle auf Verst\u00f6\u00dfe gegen das Urheberrecht gibt. &#8211; Ein HInweis daf\u00fcr, da\u00df wohl bald eine Ver\u00f6ffentlichung, wohl die des Tower-Of-Song-Tribute-Festivals von 2017 ins Hause steht. W\u00fcrde gut passen, zum 5. Todestag von Leonard Cohen im November 2021, wenn auch mit vier Jahren Versp\u00e4tung, fand das Tribute-Konzert zum 1. Todestag Leonard Cohens doch schon im November 2017 statt."},"content":{"rendered":"<p>vieles w\u00fcrde seitdem (vorsorglich) aus dem Netz genommen oder von YOUTUBE gar gek\u00f6scht, hier ist das, was von dem Montrealer Konzert noch \u00fcbrig blieb&#8230;.Ausz\u00fcge aus einer Presse-Konferenz\u00a0 &#8211; diese wahr \u00f6ffentlich &#8211; f\u00fcr die geladenen Medien &#8211; und ist von mir , also kein Versto\u00df. \ud83d\ude42<\/p>\n<p><iframe loading=\"lazy\" title=\"#LEONARD_COHEN  Montreal MAC EXHIBITION-2017 Press Preview (part 1) 2017_11-07\" width=\"625\" height=\"352\" src=\"https:\/\/www.youtube.com\/embed\/hUs1u8EfkJQ?start=297&#038;feature=oembed\" frameborder=\"0\" allow=\"accelerometer; autoplay; clipboard-write; encrypted-media; gyroscope; picture-in-picture; web-share\" referrerpolicy=\"strict-origin-when-cross-origin\" allowfullscreen><\/iframe><\/p>\n","protected":false},"excerpt":{"rendered":"<p>vieles w\u00fcrde seitdem (vorsorglich) aus dem Netz genommen oder von YOUTUBE gar gek\u00f6scht, hier ist das, was von dem Montrealer Konzert noch \u00fcbrig blieb&#8230;.Ausz\u00fcge aus einer Presse-Konferenz\u00a0 &#8211; diese wahr \u00f6ffentlich &#8211; f\u00fcr die geladenen Medien &#8211; und ist von mir , also kein Versto\u00df. \ud83d\ude42<\/p>\n","protected":false},"author":1,"featured_media":0,"comment_status":"closed","ping_status":"open","sticky":false,"template":"","format":"standard","meta":{"footnotes":""},"categories":[1],"tags":[],"class_list":["post-21378","post","type-post","status-publish","format-standard","hentry","category-allgemein"],"_links":{"self":[{"href":"https:\/\/leonardcohen.de\/index.php?rest_route=\/wp\/v2\/posts\/21378","targetHints":{"allow":["GET"]}}],"collection":[{"href":"https:\/\/leonardcohen.de\/index.php?rest_route=\/wp\/v2\/posts"}],"about":[{"href":"https:\/\/leonardcohen.de\/index.php?rest_route=\/wp\/v2\/types\/post"}],"author":[{"embeddable":true,"href":"https:\/\/leonardcohen.de\/index.php?rest_route=\/wp\/v2\/users\/1"}],"replies":[{"embeddable":true,"href":"https:\/\/leonardcohen.de\/index.php?rest_route=%2Fwp%2Fv2%2Fcomments&post=21378"}],"version-history":[{"count":5,"href":"https:\/\/leonardcohen.de\/index.php?rest_route=\/wp\/v2\/posts\/21378\/revisions"}],"predecessor-version":[{"id":21383,"href":"https:\/\/leonardcohen.de\/index.php?rest_route=\/wp\/v2\/posts\/21378\/revisions\/21383"}],"wp:attachment":[{"href":"https:\/\/leonardcohen.de\/index.php?rest_route=%2Fwp%2Fv2%2Fmedia&parent=21378"}],"wp:term":[{"taxonomy":"category","embeddable":true,"href":"https:\/\/leonardcohen.de\/index.php?rest_route=%2Fwp%2Fv2%2Fcategories&post=21378"},{"taxonomy":"post_tag","embeddable":true,"href":"https:\/\/leonardcohen.de\/index.php?rest_route=%2Fwp%2Fv2%2Ftags&post=21378"}],"curies":[{"name":"wp","href":"https:\/\/api.w.org\/{rel}","templated":true}]}}