{"id":22159,"date":"2021-12-05T10:32:56","date_gmt":"2021-12-05T08:32:56","guid":{"rendered":"http:\/\/blog.leonardcohen.de\/?p=22159"},"modified":"2021-12-05T10:32:56","modified_gmt":"2021-12-05T08:32:56","slug":"kw-48-2021-my-lil-corona-tagebuch-zuerst-der-antritt-von-omikron-zu-beginn-der-woche-und-dann-der-abtritt-von-angela-merkel-seit-4-dezember-herrschen-wieder-st","status":"publish","type":"post","link":"https:\/\/leonardcohen.de\/?p=22159","title":{"rendered":"KW-48-2021: My Lil Corona-Tagebuch: Zuerst der \u201cAntritt\u201d von Omikron zu Beginn der Woche und dann der \u201cAbtritt\u201c von Angela Merkel.  Seit 4. Dezember herrschen wieder strengere Regeln, die Polizei kontrolliert verst\u00e4rkt"},"content":{"rendered":"<p>16 Jahre war sie Kanzlerin der Bundesrepublik und hat als Erste die Macht freiwillig abgegeben. \u2013 Hat Stil \u2013 Andere erz\u00e4hlten zeitgleich nur, da\u00df sie mal vor 2-3 Wochen gesagt gaben, es sei 5 vor 12, 5 nach 12 und schon halb eins in sachen \u201eEpidemische Lage\u201c und da\u00df endlich etwas getan werden m\u00fcsse. Was sie Wochen, Monate und gar schon Jahre zuvor nicht getan haben, dar\u00fcber sprach er nicht. W\u00e4hrend all dem beendete Bob Dylan seine vierw\u00f6chige \u201eRough And Rowdy Ways\u201cWorld Tour, feierten die Rolling Stones die kommerziell erfolgreichste US-Tournee aller Zeiten und wurden Nachbarl\u00e4nder zu Hochsicherheitsgebieten erkl\u00e4rt. Inzidenzen stagnieren ein wenig, sind weiterhin auf h\u00f6chstem Niveau seit Ausbruch der Pandemie und gehen tageweise unmerklich zur\u00fcck, um am Ende der Woche wieder zu steigen. Seit 4. Dezember herrschen wieder strengere Regeln, die Polizei kontrolliert verst\u00e4rkt. Der Mann, der meinte, es sei schon halb eins ist bald kein Minister mehr. Er hat die Macht NICHT freiwillig abgegeben.<\/p>\n<p>RKI: 64.510 Neuinfektionen, Inzidenz bei 442,7<\/p>\n<p>896.000 Impfungen in Deutschland am Freitag<\/p>\n<p>Impf-Appell von Merkel im letzten Video-Podcast der Kanzlerin<\/p>\n<p>Die Corona-Lage in Deutschland in der KW 48: Quelle:<\/p>\n<p><a href=\"https:\/\/www.tagesschau.de\/ausland\/coronavirus-tabelle-103.html\">https:\/\/www.tagesschau.de\/ausland\/coronavirus-tabelle-103.html<\/a><\/p>\n<p>&nbsp;<\/p>\n","protected":false},"excerpt":{"rendered":"<p>16 Jahre war sie Kanzlerin der Bundesrepublik und hat als Erste die Macht freiwillig abgegeben. \u2013 Hat Stil \u2013 Andere erz\u00e4hlten zeitgleich nur, da\u00df sie mal vor 2-3 Wochen gesagt gaben, es sei 5 vor 12, 5 nach 12 und schon halb eins in sachen \u201eEpidemische Lage\u201c und da\u00df endlich etwas getan werden m\u00fcsse. Was [&hellip;]<\/p>\n","protected":false},"author":1,"featured_media":22160,"comment_status":"closed","ping_status":"open","sticky":false,"template":"","format":"standard","meta":{"footnotes":""},"categories":[1],"tags":[],"class_list":["post-22159","post","type-post","status-publish","format-standard","has-post-thumbnail","hentry","category-allgemein"],"_links":{"self":[{"href":"https:\/\/leonardcohen.de\/index.php?rest_route=\/wp\/v2\/posts\/22159","targetHints":{"allow":["GET"]}}],"collection":[{"href":"https:\/\/leonardcohen.de\/index.php?rest_route=\/wp\/v2\/posts"}],"about":[{"href":"https:\/\/leonardcohen.de\/index.php?rest_route=\/wp\/v2\/types\/post"}],"author":[{"embeddable":true,"href":"https:\/\/leonardcohen.de\/index.php?rest_route=\/wp\/v2\/users\/1"}],"replies":[{"embeddable":true,"href":"https:\/\/leonardcohen.de\/index.php?rest_route=%2Fwp%2Fv2%2Fcomments&post=22159"}],"version-history":[{"count":1,"href":"https:\/\/leonardcohen.de\/index.php?rest_route=\/wp\/v2\/posts\/22159\/revisions"}],"predecessor-version":[{"id":22161,"href":"https:\/\/leonardcohen.de\/index.php?rest_route=\/wp\/v2\/posts\/22159\/revisions\/22161"}],"wp:featuredmedia":[{"embeddable":true,"href":"https:\/\/leonardcohen.de\/index.php?rest_route=\/wp\/v2\/media\/22160"}],"wp:attachment":[{"href":"https:\/\/leonardcohen.de\/index.php?rest_route=%2Fwp%2Fv2%2Fmedia&parent=22159"}],"wp:term":[{"taxonomy":"category","embeddable":true,"href":"https:\/\/leonardcohen.de\/index.php?rest_route=%2Fwp%2Fv2%2Fcategories&post=22159"},{"taxonomy":"post_tag","embeddable":true,"href":"https:\/\/leonardcohen.de\/index.php?rest_route=%2Fwp%2Fv2%2Ftags&post=22159"}],"curies":[{"name":"wp","href":"https:\/\/api.w.org\/{rel}","templated":true}]}}