{"id":22168,"date":"2021-12-05T10:44:10","date_gmt":"2021-12-05T08:44:10","guid":{"rendered":"http:\/\/blog.leonardcohen.de\/?p=22168"},"modified":"2021-12-05T11:41:55","modified_gmt":"2021-12-05T09:41:55","slug":"kw-48-2021-frank-nimsgern-live-heute-in-zweibruecken-unter-den-neuen-2-g-regeln-seit-4-12-21-in-kraft-getreten-sind","status":"publish","type":"post","link":"https:\/\/leonardcohen.de\/?p=22168","title":{"rendered":"KW-48-2021: Frank Nimsgern live heute in Zweibr\u00fccken &#8211; Unter den neuen 2 G &#8211; Regeln, seit 4.12.21 in Kraft getreten sind."},"content":{"rendered":"<p><a href=\"http:\/\/blog.leonardcohen.de\/wp-content\/uploads\/2021\/12\/nims.jpg\"><img loading=\"lazy\" decoding=\"async\" class=\"aligncenter size-thumbnail wp-image-22164\" src=\"http:\/\/blog.leonardcohen.de\/wp-content\/uploads\/2021\/12\/nims-150x150.jpg\" alt=\"\" width=\"150\" height=\"150\" \/><\/a><\/p>\n<p><strong>Zugang zu Einrichtungen und Veranstaltungen der Kultur- und Freizeitgestaltung<\/strong><\/p>\n<p>Zwar werde bundesweit k\u00fcnftig der Zugang zu Einrichtungen und Veranstaltungen der Kultur- und Freizeitgestaltung inzidenzunabh\u00e4ngig zun\u00e4chst nur f\u00fcr Geimpfte und Genese (2G) m\u00f6glich gemacht. Rheinland-Pfalz bleibe aber bei der strengeren Linie, dass \u00fcberall dort, wo keine Maske getragen werden k\u00f6nne, auch f\u00fcr Geimpfte und Genesene ein Test notwendig sei (2GPlus). Ein aktueller Test unter Aufsicht k\u00f6nne vor Ort vorgenommen werden. Dieser gelte dann aber nur f\u00fcr diesen speziellen Anlass und gelte nicht als allgemeiner Testnachweis.<\/p>\n<p>Generell ausgenommen in Rheinland-Pfalz sind Kinder bis 12 Jahre und 3 Monate. Sie brauchen keinen Test. F\u00fcr Kinder bis einschlie\u00dflich 17 Jahre gilt \u00fcberall 3G \u2013 geimpfte und genesene Kinder \u00fcber 12 Jahre brauchen also auch im Kino oder der Gastronomie keinen Test.<\/p>\n<p>Quelle: <a href=\"https:\/\/corona.rlp.de\/de\/aktuelles\/detail\/news\/News\/detail\/ministerpraesidentin-malu-dreyer-begruesst-einheitliche-beschluesse-zu-grossveranstaltungen-und-einzelhan-2\/\"><em><strong>https:\/\/corona.rlp.de\/de\/aktuelles\/detail\/news\/News\/detail\/ministerpraesidentin-malu-dreyer-begruesst-einheitliche-beschluesse-zu-grossveranstaltungen-und-einzelhan-2\/<\/strong><\/em><\/a><\/p>\n<h2><\/h2>\n","protected":false},"excerpt":{"rendered":"<p>Zugang zu Einrichtungen und Veranstaltungen der Kultur- und Freizeitgestaltung Zwar werde bundesweit k\u00fcnftig der Zugang zu Einrichtungen und Veranstaltungen der Kultur- und Freizeitgestaltung inzidenzunabh\u00e4ngig zun\u00e4chst nur f\u00fcr Geimpfte und Genese (2G) m\u00f6glich gemacht. Rheinland-Pfalz bleibe aber bei der strengeren Linie, dass \u00fcberall dort, wo keine Maske getragen werden k\u00f6nne, auch f\u00fcr Geimpfte und Genesene ein [&hellip;]<\/p>\n","protected":false},"author":1,"featured_media":0,"comment_status":"closed","ping_status":"open","sticky":false,"template":"","format":"standard","meta":{"footnotes":""},"categories":[1],"tags":[],"class_list":["post-22168","post","type-post","status-publish","format-standard","hentry","category-allgemein"],"_links":{"self":[{"href":"https:\/\/leonardcohen.de\/index.php?rest_route=\/wp\/v2\/posts\/22168","targetHints":{"allow":["GET"]}}],"collection":[{"href":"https:\/\/leonardcohen.de\/index.php?rest_route=\/wp\/v2\/posts"}],"about":[{"href":"https:\/\/leonardcohen.de\/index.php?rest_route=\/wp\/v2\/types\/post"}],"author":[{"embeddable":true,"href":"https:\/\/leonardcohen.de\/index.php?rest_route=\/wp\/v2\/users\/1"}],"replies":[{"embeddable":true,"href":"https:\/\/leonardcohen.de\/index.php?rest_route=%2Fwp%2Fv2%2Fcomments&post=22168"}],"version-history":[{"count":2,"href":"https:\/\/leonardcohen.de\/index.php?rest_route=\/wp\/v2\/posts\/22168\/revisions"}],"predecessor-version":[{"id":22210,"href":"https:\/\/leonardcohen.de\/index.php?rest_route=\/wp\/v2\/posts\/22168\/revisions\/22210"}],"wp:attachment":[{"href":"https:\/\/leonardcohen.de\/index.php?rest_route=%2Fwp%2Fv2%2Fmedia&parent=22168"}],"wp:term":[{"taxonomy":"category","embeddable":true,"href":"https:\/\/leonardcohen.de\/index.php?rest_route=%2Fwp%2Fv2%2Fcategories&post=22168"},{"taxonomy":"post_tag","embeddable":true,"href":"https:\/\/leonardcohen.de\/index.php?rest_route=%2Fwp%2Fv2%2Ftags&post=22168"}],"curies":[{"name":"wp","href":"https:\/\/api.w.org\/{rel}","templated":true}]}}