{"id":22245,"date":"2021-12-08T09:56:24","date_gmt":"2021-12-08T07:56:24","guid":{"rendered":"http:\/\/blog.leonardcohen.de\/?p=22245"},"modified":"2021-12-08T10:07:16","modified_gmt":"2021-12-08T08:07:16","slug":"kw-49-2021-electro-von-kraftwerk-bis-techno-der-kunstpalast-praesentiert-seine-erste-grosse-ausstellung-zum-thema-musik-erstmals-stellt-ein-museum-in-deutschland-die-ueber-100-jaehrige-geschichte","status":"publish","type":"post","link":"https:\/\/leonardcohen.de\/?p=22245","title":{"rendered":"KW-49-2021: Electro. Von Kraftwerk bis Techno &#8211; Der Kunstpalast pr\u00e4sentiert seine erste gro\u00dfe Ausstellung zum Thema Musik. Erstmals stellt ein Museum in Deutschland die \u00fcber 100-j\u00e4hrige Geschichte der elektronischen Musik und ihrer Verbindungen zur Kunst so umfangreich dar."},"content":{"rendered":"<p>Am kommenden <strong>Donnerstag<\/strong> (<strong>09.12.<\/strong>) er\u00f6ffnet im <strong>D\u00fcsseldorfer Kunstpalast<\/strong> die gro\u00dfe <strong>Ausstellung<\/strong> <strong>\u201c<a id=\"yiv942499944661af8c66aca421206e91e6e2\" href=\"https:\/\/engagement.juneapp.com\/campaigns\/61af37544bf9d95328265c77\/click\/link\/61af8c66aca421206e91e6e2\/5f048805b1468c7e7cbb6264\/0\/61af379ea944a74a276a3024\" target=\"_blank\" rel=\"nofollow noopener noreferrer\">Electro. Von Kraftwerk bis Techno<\/a>\u201d<\/strong>. Erstmals stellt ein Museum in Deutschland die \u00fcber <strong>100-j\u00e4hrige Geschichte der elektronischen Musik <\/strong>und ihrer Verbindungen zur Kunst so umfangreich, in \u00fcber <strong>500 teils interaktiven Exponaten<\/strong> dar. Dabei reicht das Spektrum der Schau von den <strong>ersten zukunftsweisenden elektronischen Musikinstrumenten<\/strong> aus dem fr\u00fchen 20. Jahrhundert bis zum Einsatz von <strong>K\u00fcnstlicher Intelligenz<\/strong> in der <strong>zeitgen\u00f6ssischen elektronischen Klangproduktion<\/strong>. Den H\u00f6hepunkt der Ausstellung bildet die spektakul\u00e4re <strong>Inszenierung des Gesamtwerks<\/strong> des <strong>1970<\/strong> von <strong>Ralf H\u00fctter<\/strong> und <strong>Florian Schneider<\/strong> in D\u00fcsseldorf gegr\u00fcndeten Multimedia-Projekts <strong>Kraftwerk<\/strong>. Die Ausstellung l\u00e4uft <strong>bis zum 15.05.2022<\/strong>.<\/p>\n<p>Quelle\/ Infos:<em><a href=\"https:\/\/www.kunstpalast.de\/electro\"> https:\/\/www.kunstpalast.de\/electro<\/a><\/em><\/p>\n<p>&nbsp;<\/p>\n","protected":false},"excerpt":{"rendered":"<p>Am kommenden Donnerstag (09.12.) er\u00f6ffnet im D\u00fcsseldorfer Kunstpalast die gro\u00dfe Ausstellung \u201cElectro. Von Kraftwerk bis Techno\u201d. Erstmals stellt ein Museum in Deutschland die \u00fcber 100-j\u00e4hrige Geschichte der elektronischen Musik und ihrer Verbindungen zur Kunst so umfangreich, in \u00fcber 500 teils interaktiven Exponaten dar. Dabei reicht das Spektrum der Schau von den ersten zukunftsweisenden elektronischen Musikinstrumenten [&hellip;]<\/p>\n","protected":false},"author":1,"featured_media":0,"comment_status":"closed","ping_status":"open","sticky":false,"template":"","format":"standard","meta":{"footnotes":""},"categories":[1],"tags":[],"class_list":["post-22245","post","type-post","status-publish","format-standard","hentry","category-allgemein"],"_links":{"self":[{"href":"https:\/\/leonardcohen.de\/index.php?rest_route=\/wp\/v2\/posts\/22245","targetHints":{"allow":["GET"]}}],"collection":[{"href":"https:\/\/leonardcohen.de\/index.php?rest_route=\/wp\/v2\/posts"}],"about":[{"href":"https:\/\/leonardcohen.de\/index.php?rest_route=\/wp\/v2\/types\/post"}],"author":[{"embeddable":true,"href":"https:\/\/leonardcohen.de\/index.php?rest_route=\/wp\/v2\/users\/1"}],"replies":[{"embeddable":true,"href":"https:\/\/leonardcohen.de\/index.php?rest_route=%2Fwp%2Fv2%2Fcomments&post=22245"}],"version-history":[{"count":3,"href":"https:\/\/leonardcohen.de\/index.php?rest_route=\/wp\/v2\/posts\/22245\/revisions"}],"predecessor-version":[{"id":22261,"href":"https:\/\/leonardcohen.de\/index.php?rest_route=\/wp\/v2\/posts\/22245\/revisions\/22261"}],"wp:attachment":[{"href":"https:\/\/leonardcohen.de\/index.php?rest_route=%2Fwp%2Fv2%2Fmedia&parent=22245"}],"wp:term":[{"taxonomy":"category","embeddable":true,"href":"https:\/\/leonardcohen.de\/index.php?rest_route=%2Fwp%2Fv2%2Fcategories&post=22245"},{"taxonomy":"post_tag","embeddable":true,"href":"https:\/\/leonardcohen.de\/index.php?rest_route=%2Fwp%2Fv2%2Ftags&post=22245"}],"curies":[{"name":"wp","href":"https:\/\/api.w.org\/{rel}","templated":true}]}}