{"id":22428,"date":"2021-12-31T11:09:44","date_gmt":"2021-12-31T09:09:44","guid":{"rendered":"http:\/\/blog.leonardcohen.de\/?p=22428"},"modified":"2021-12-31T11:25:11","modified_gmt":"2021-12-31T09:25:11","slug":"kw-52-2021-my-lil-corona-tage-buch-wenn-ich-heute-in-montreal-waere-duerfte-ich-nach-22-00-uhr-nicht-mehr-aus-dem-haus","status":"publish","type":"post","link":"https:\/\/leonardcohen.de\/?p=22428","title":{"rendered":"KW-52-2021: My lil Corona-Tage-Buch: Wenn ich heute in Montreal w\u00e4re, d\u00fcrfte ich nach 22.00 Uhr nicht mehr aus dem Haus."},"content":{"rendered":"<p style=\"text-align: center;\">Foto: Christof Graf<\/p>\n<div id=\"Qubec-verhaengt-Ausgangssperre-fuer-die-Silvesternacht\" class=\"columns twelve liveblog--anchor\">\n<div class=\"liveblog__datetime columns twelve m-ten m-offset-one l-eight l-offset-two\">09:31 Uhr<\/div>\n<h2 class=\"meldung__subhead columns twelve m-ten m-offset-one l-eight l-offset-two\">Qu\u00e9bec verh\u00e4ngt Ausgangssperre f\u00fcr die Silvesternacht<\/h2>\n<p class=\"m-ten  m-offset-one l-eight l-offset-two textabsatz columns twelve\">Die kanadische Provinz Qu\u00e9bec hat wegen Corona eine Ausgangssperre f\u00fcr die Silvesternacht verh\u00e4ngt. Sie gelte ab 22 Uhr und dauere bis 5 Uhr am Neujahrsmorgen, sagte Regierungschef Fran\u00e7ois Legault. Die Ausgangssperre bleibe bis auf weiteres auch f\u00fcr die kommenden N\u00e4chte in Kraft. Au\u00dferdem sind private Zusammenk\u00fcnfte in Innenr\u00e4umen verboten. Der Au\u00dferhausverkauf von Restaurants wird eingeschr\u00e4nkt. Fitnessstudios, Bars und andere Vergn\u00fcgungsst\u00e4tten sind bereits seit vergangener Woche geschlossen.<\/p>\n<p class=\"m-ten  m-offset-one l-eight l-offset-two textabsatz columns twelve\">Legault r\u00e4umte ein, die Ausgangssperre sei ein drastischer Schritt. Die Lage sei jedoch ebenalls extrem. Am Donnerstag waren in Qu\u00e9bec 14.188 Neuinfektionen registriert worden. F\u00fcr Freitag rechnete Legault mit mehr als 16.000. Die Zahl der in Krankenh\u00e4usern behandelten Covid-19-Patienten hat sich binnen einer Woche auf 939 in etwa verdoppelt. Die \u00d6ffnung der Schulen f\u00fcr Pr\u00e4senzunterricht nach den Weihnachtsferien wurde auf den 17. Januar verschoben. Kirchen und andere Gottesh\u00e4user d\u00fcrfen nur noch f\u00fcr Beerdigungen \u00f6ffnen und auch das nur f\u00fcr maximal 25 Personen.<\/p>\n<p>Quelle:<\/p>\n<\/div>\n<p>Alle Einreisenden aus Hochrisikogebieten m\u00fcssen laut <a title=\"Link: Link zu einer Seite des Bundesgesundheitsministeriums mit den Corona-Einreiseregeln \" href=\"https:\/\/www.bundesgesundheitsministerium.de\/service\/gesetze-und-verordnungen\/guv-19-lp\/coronaeinreisev.html\" target=\"_blank\" rel=\"noopener\">Einreisevorschriften des Bundesgesundheitsministeriums<\/a> ihre Einreise digital oder schriftlich &#8222;anmelden&#8220;, indem sie ein entsprechendes Formular ausf\u00fcllen und bei der Einreise dabei haben. Ungeimpfte m\u00fcssen zus\u00e4tzlich einen negativen Corona-Test vorweisen k\u00f6nnen und sie m\u00fcssen in Deutschland zehn Tage in Quarant\u00e4ne. Erst nach f\u00fcnf Tagen k\u00f6nnen sie sich &#8222;freitesten&#8220;. Kinder unter zw\u00f6lf Jahren m\u00fcssen f\u00fcnf Tage in Quarant\u00e4ne. Geimpfte und Genesene m\u00fcssen nicht in Quarant\u00e4ne und brauchen auch keinen negativen Testnachweis. Zurzeit hat die Bundesregierung mehr als 60 von rund 200 L\u00e4ndern weltweit als Hochrisiko- oder Virusvariantengebiete eingestuft und eine Reisewarnung f\u00fcr sie ausgesprochen.<\/p>\n<p><strong>und : Kanada, aber auch Italien, Malta und San Marino gelten ab Sonnabend als Hochrisikogebiete<\/strong><\/p>\n","protected":false},"excerpt":{"rendered":"<p>Foto: Christof Graf 09:31 Uhr Qu\u00e9bec verh\u00e4ngt Ausgangssperre f\u00fcr die Silvesternacht Die kanadische Provinz Qu\u00e9bec hat wegen Corona eine Ausgangssperre f\u00fcr die Silvesternacht verh\u00e4ngt. Sie gelte ab 22 Uhr und dauere bis 5 Uhr am Neujahrsmorgen, sagte Regierungschef Fran\u00e7ois Legault. Die Ausgangssperre bleibe bis auf weiteres auch f\u00fcr die kommenden N\u00e4chte in Kraft. Au\u00dferdem sind [&hellip;]<\/p>\n","protected":false},"author":1,"featured_media":22429,"comment_status":"closed","ping_status":"open","sticky":false,"template":"","format":"standard","meta":{"footnotes":""},"categories":[1],"tags":[],"class_list":["post-22428","post","type-post","status-publish","format-standard","has-post-thumbnail","hentry","category-allgemein"],"_links":{"self":[{"href":"https:\/\/leonardcohen.de\/index.php?rest_route=\/wp\/v2\/posts\/22428","targetHints":{"allow":["GET"]}}],"collection":[{"href":"https:\/\/leonardcohen.de\/index.php?rest_route=\/wp\/v2\/posts"}],"about":[{"href":"https:\/\/leonardcohen.de\/index.php?rest_route=\/wp\/v2\/types\/post"}],"author":[{"embeddable":true,"href":"https:\/\/leonardcohen.de\/index.php?rest_route=\/wp\/v2\/users\/1"}],"replies":[{"embeddable":true,"href":"https:\/\/leonardcohen.de\/index.php?rest_route=%2Fwp%2Fv2%2Fcomments&post=22428"}],"version-history":[{"count":3,"href":"https:\/\/leonardcohen.de\/index.php?rest_route=\/wp\/v2\/posts\/22428\/revisions"}],"predecessor-version":[{"id":22449,"href":"https:\/\/leonardcohen.de\/index.php?rest_route=\/wp\/v2\/posts\/22428\/revisions\/22449"}],"wp:featuredmedia":[{"embeddable":true,"href":"https:\/\/leonardcohen.de\/index.php?rest_route=\/wp\/v2\/media\/22429"}],"wp:attachment":[{"href":"https:\/\/leonardcohen.de\/index.php?rest_route=%2Fwp%2Fv2%2Fmedia&parent=22428"}],"wp:term":[{"taxonomy":"category","embeddable":true,"href":"https:\/\/leonardcohen.de\/index.php?rest_route=%2Fwp%2Fv2%2Fcategories&post=22428"},{"taxonomy":"post_tag","embeddable":true,"href":"https:\/\/leonardcohen.de\/index.php?rest_route=%2Fwp%2Fv2%2Ftags&post=22428"}],"curies":[{"name":"wp","href":"https:\/\/api.w.org\/{rel}","templated":true}]}}