{"id":23128,"date":"2022-03-06T12:15:35","date_gmt":"2022-03-06T10:15:35","guid":{"rendered":"http:\/\/blog.leonardcohen.de\/?p=23128"},"modified":"2022-03-06T13:30:15","modified_gmt":"2022-03-06T11:30:15","slug":"kw-10-2022-bob-dylan-startete-letzte-woche-seine-rough-and-rowdy-ways-world-tour-und-provozierte-mit-dem-song-die-frage-wieviel-politisches-darf-in-einen-rock-song-interpretiert-werden-und-welc","status":"publish","type":"post","link":"https:\/\/leonardcohen.de\/?p=23128","title":{"rendered":"KW-10-2022: Bob Dylan startete letzte Woche seine Rough And Rowdy Ways World Tour 2022 und provozierte mit der Songauswahl &#8222;I crossed the Rubicon&#8220;, die Frage, wieviel &#8222;Politisches&#8220; darf in einen Rock-Song interpretiert werden und welches Statement steckt bei der Wahl eines Liedes zu bestimmten Zeiten, wenn es keine konkrete Stellungnahme dazu vom performenden K\u00fcnstler dazu gibt?"},"content":{"rendered":"<p><span class=\"d2edcug0 hpfvmrgz qv66sw1b c1et5uql lr9zc1uh a8c37x1j fe6kdd0r mau55g9w c8b282yb keod5gw0 nxhoafnm aigsh9s9 d3f4x2em iv3no6db jq4qci2q a3bd9o3v b1v8xokw oo9gr5id hzawbc8m\" dir=\"auto\">Bob Dylan w\u00e4hlte &#8222;I crossed the Rubicon&#8220; als &#8222;neuer&#8220; Song im Set zum Tourauftakt. Im Netz wurde diskutiert, ob Dylan diesen Song wegen der UKRAINE-Krise ausgew\u00e4hlt h\u00e4tte. Aber hat Dylan nicht schon l\u00e4ngst gesagt, er h\u00e4tte keine &#8222;politischen Botschaften&#8220;. &#8211; Well und anyway &#8211; dies ist &#8211; trotz der schwierigen Zeiten, in denen\u00a0 wir leben, kein politischer Blog.<br \/>\n<\/span><\/p>\n","protected":false},"excerpt":{"rendered":"<p>Bob Dylan w\u00e4hlte &#8222;I crossed the Rubicon&#8220; als &#8222;neuer&#8220; Song im Set zum Tourauftakt. Im Netz wurde diskutiert, ob Dylan diesen Song wegen der UKRAINE-Krise ausgew\u00e4hlt h\u00e4tte. Aber hat Dylan nicht schon l\u00e4ngst gesagt, er h\u00e4tte keine &#8222;politischen Botschaften&#8220;. &#8211; Well und anyway &#8211; dies ist &#8211; trotz der schwierigen Zeiten, in denen\u00a0 wir leben, [&hellip;]<\/p>\n","protected":false},"author":1,"featured_media":0,"comment_status":"closed","ping_status":"open","sticky":false,"template":"","format":"standard","meta":{"footnotes":""},"categories":[1],"tags":[],"class_list":["post-23128","post","type-post","status-publish","format-standard","hentry","category-allgemein"],"_links":{"self":[{"href":"https:\/\/leonardcohen.de\/index.php?rest_route=\/wp\/v2\/posts\/23128","targetHints":{"allow":["GET"]}}],"collection":[{"href":"https:\/\/leonardcohen.de\/index.php?rest_route=\/wp\/v2\/posts"}],"about":[{"href":"https:\/\/leonardcohen.de\/index.php?rest_route=\/wp\/v2\/types\/post"}],"author":[{"embeddable":true,"href":"https:\/\/leonardcohen.de\/index.php?rest_route=\/wp\/v2\/users\/1"}],"replies":[{"embeddable":true,"href":"https:\/\/leonardcohen.de\/index.php?rest_route=%2Fwp%2Fv2%2Fcomments&post=23128"}],"version-history":[{"count":7,"href":"https:\/\/leonardcohen.de\/index.php?rest_route=\/wp\/v2\/posts\/23128\/revisions"}],"predecessor-version":[{"id":23154,"href":"https:\/\/leonardcohen.de\/index.php?rest_route=\/wp\/v2\/posts\/23128\/revisions\/23154"}],"wp:attachment":[{"href":"https:\/\/leonardcohen.de\/index.php?rest_route=%2Fwp%2Fv2%2Fmedia&parent=23128"}],"wp:term":[{"taxonomy":"category","embeddable":true,"href":"https:\/\/leonardcohen.de\/index.php?rest_route=%2Fwp%2Fv2%2Fcategories&post=23128"},{"taxonomy":"post_tag","embeddable":true,"href":"https:\/\/leonardcohen.de\/index.php?rest_route=%2Fwp%2Fv2%2Ftags&post=23128"}],"curies":[{"name":"wp","href":"https:\/\/api.w.org\/{rel}","templated":true}]}}