{"id":23210,"date":"2022-03-12T22:27:12","date_gmt":"2022-03-12T20:27:12","guid":{"rendered":"http:\/\/blog.leonardcohen.de\/?p=23210"},"modified":"2022-03-13T21:05:09","modified_gmt":"2022-03-13T19:05:09","slug":"kw-11-2022-die-lage-ist-objektiv-viel-schlimmer-als-die-stimmung-aber-am-20-maerz-soll-corona-abgesagt-werden-passt-das-mit-steigenden-inzidenzen-zusammen","status":"publish","type":"post","link":"https:\/\/leonardcohen.de\/?p=23210","title":{"rendered":"KW-11-2022: My lil-corona-tagebuch : Diese Woche ist es zwei Jahre her, als man den ersten Lockdown ausrief und erste Corona-Tote in Deutschland meldete. Ich begann mein &#8222;my lil corona.tagebuch&#8220; in den blog einzupflegen &#8211; &#8222;Die Lage ist objektiv viel schlimmer als die Stimmung&#8220;, sagte K.L. diese Woche. &#8211;  Heute am 13. M\u00e4rz 2022 ist die h\u00f6chste Inzidenzzahl ever (1.526,8 ) &#8211; Aber am 20. M\u00e4rz soll Corona abgesagt werden = Ma\u00dfnahmen entfallen oder sollen drastisch gelockert werden? &#8211; Passt das mit steigenden Inzidenzen zusammen? &#8211; Und der Krieg in Europa geht einfach weiter, Narrative gewinnen !"},"content":{"rendered":"<div class=\"article__item\">\n<h1 class=\"article-heading\"><span class=\"article-heading__title\">&#8222;Die Lage ist objektiv viel schlimmer als die Stimmung&#8220;<\/span><\/h1>\n<\/div>\n<div class=\"article__item \">\n<div class=\"summary\">Bundesgesundheitsminister Karl Lauterbach warnt vor einer Sorglosigkeit in der Pandemie.<\/div>\n<\/div>\n<div><\/div>\n<div><em><strong><a href=\"https:\/\/www.zeit.de\/politik\/deutschland\/2022-03\/corona-massnahmen-karl-lauterbach-lothar-wieler-pressekonferenz?utm_referrer=https%3A%2F%2Fgetpocket.com%2Frecommendations\">https:\/\/www.zeit.de\/politik\/deutschland\/2022-03\/corona-massnahmen-karl-lauterbach-lothar-wieler-pressekonferenz?utm_referrer=https%3A%2F%2Fgetpocket.com%2Frecommendations<\/a><\/strong><\/em><\/div>\n<div><\/div>\n<div><\/div>\n<div style=\"text-align: center;\">Diese Woche vor 2 Jahren:<\/div>\n<div style=\"text-align: center;\"><\/div>\n<div style=\"text-align: center;\"><a href=\"http:\/\/blog.leonardcohen.de\/?p=14285\">http:\/\/blog.leonardcohen.de\/?p=14285<\/a><\/div>\n<div><\/div>\n<div><a href=\"http:\/\/blog.leonardcohen.de\/wp-content\/uploads\/2022\/03\/aaaaa.jpg\"><img loading=\"lazy\" decoding=\"async\" class=\"aligncenter size-thumbnail wp-image-23261\" src=\"http:\/\/blog.leonardcohen.de\/wp-content\/uploads\/2022\/03\/aaaaa-150x150.jpg\" alt=\"\" width=\"150\" height=\"150\" \/><\/a><\/div>\n","protected":false},"excerpt":{"rendered":"<p>&#8222;Die Lage ist objektiv viel schlimmer als die Stimmung&#8220; Bundesgesundheitsminister Karl Lauterbach warnt vor einer Sorglosigkeit in der Pandemie. https:\/\/www.zeit.de\/politik\/deutschland\/2022-03\/corona-massnahmen-karl-lauterbach-lothar-wieler-pressekonferenz?utm_referrer=https%3A%2F%2Fgetpocket.com%2Frecommendations Diese Woche vor 2 Jahren: http:\/\/blog.leonardcohen.de\/?p=14285<\/p>\n","protected":false},"author":1,"featured_media":23260,"comment_status":"closed","ping_status":"open","sticky":false,"template":"","format":"standard","meta":{"footnotes":""},"categories":[1],"tags":[],"class_list":["post-23210","post","type-post","status-publish","format-standard","has-post-thumbnail","hentry","category-allgemein"],"_links":{"self":[{"href":"https:\/\/leonardcohen.de\/index.php?rest_route=\/wp\/v2\/posts\/23210","targetHints":{"allow":["GET"]}}],"collection":[{"href":"https:\/\/leonardcohen.de\/index.php?rest_route=\/wp\/v2\/posts"}],"about":[{"href":"https:\/\/leonardcohen.de\/index.php?rest_route=\/wp\/v2\/types\/post"}],"author":[{"embeddable":true,"href":"https:\/\/leonardcohen.de\/index.php?rest_route=\/wp\/v2\/users\/1"}],"replies":[{"embeddable":true,"href":"https:\/\/leonardcohen.de\/index.php?rest_route=%2Fwp%2Fv2%2Fcomments&post=23210"}],"version-history":[{"count":7,"href":"https:\/\/leonardcohen.de\/index.php?rest_route=\/wp\/v2\/posts\/23210\/revisions"}],"predecessor-version":[{"id":23264,"href":"https:\/\/leonardcohen.de\/index.php?rest_route=\/wp\/v2\/posts\/23210\/revisions\/23264"}],"wp:featuredmedia":[{"embeddable":true,"href":"https:\/\/leonardcohen.de\/index.php?rest_route=\/wp\/v2\/media\/23260"}],"wp:attachment":[{"href":"https:\/\/leonardcohen.de\/index.php?rest_route=%2Fwp%2Fv2%2Fmedia&parent=23210"}],"wp:term":[{"taxonomy":"category","embeddable":true,"href":"https:\/\/leonardcohen.de\/index.php?rest_route=%2Fwp%2Fv2%2Fcategories&post=23210"},{"taxonomy":"post_tag","embeddable":true,"href":"https:\/\/leonardcohen.de\/index.php?rest_route=%2Fwp%2Fv2%2Ftags&post=23210"}],"curies":[{"name":"wp","href":"https:\/\/api.w.org\/{rel}","templated":true}]}}