{"id":23305,"date":"2022-03-18T22:44:31","date_gmt":"2022-03-18T20:44:31","guid":{"rendered":"http:\/\/blog.leonardcohen.de\/?p=23305"},"modified":"2022-03-18T22:44:31","modified_gmt":"2022-03-18T20:44:31","slug":"kw-11-2022-my-lil-corona-tagebuch-seit-gestern-drei-wochen-krieg-in-europa-bundestag-stimmt-neuem-infektionsschutzgesetz-zu-rki-inzidenz-steigt-weiter-auf-1706-hoechster-wert-ever-und-am-sonn","status":"publish","type":"post","link":"https:\/\/leonardcohen.de\/?p=23305","title":{"rendered":"KW-11-2022: my lil corona-tagebuch: seit gestern drei Wochen Krieg in Europa, Bundestag stimmt neuem Infektionsschutzgesetz zu, RKI: Inzidenz steigt weiter auf 1706 = H\u00f6chster Wert ever &#8211; und am Sonntag, 20. M\u00e4rz treten die angek\u00fcndigten Corona-Lockerungen ein."},"content":{"rendered":"<p><strong>&#8222;Der Bundestag hat das neue Infektionsschutzgesetz beschlossen, mit dem die meisten Corona-Beschr\u00e4nkungen im \u00f6ffentlichen Leben wegfallen sollen.<\/strong> Damit haben die L\u00e4nder nach dem Ende der meisten Corona-Ma\u00dfnahmen <strong>ab dem 20. M\u00e4rz<\/strong> nur noch begrenzte M\u00f6glichkeiten, zu reagieren. An ihre Stelle sollen einige Basisschutzma\u00dfnahmen treten, sch\u00e4rfere Schutzma\u00dfnahmen sind k\u00fcnftig nur noch in Infektions-Hotspots m\u00f6glich.&#8220;<\/p>\n<p><em>Quellen: https:\/\/rp-online.de\/panorama\/coronavirus\/coronavirus-liveblog-ab-4-april-keine-maskenpflicht-mehr-in-nrw-schulen_aid-49194351<\/em><\/p>\n<p><em>https:\/\/www.tagesschau.de\/thema\/liveblog\/<\/em><\/p>\n<p><iframe loading=\"lazy\" title=\"Purple Schulz &amp; Kami - Ich will raus (Sehnsucht &#039;99) NDW\" width=\"625\" height=\"469\" src=\"https:\/\/www.youtube.com\/embed\/p01OJYG_Fk8?feature=oembed\" frameborder=\"0\" allow=\"accelerometer; autoplay; clipboard-write; encrypted-media; gyroscope; picture-in-picture; web-share\" referrerpolicy=\"strict-origin-when-cross-origin\" allowfullscreen><\/iframe><\/p>\n","protected":false},"excerpt":{"rendered":"<p>&#8222;Der Bundestag hat das neue Infektionsschutzgesetz beschlossen, mit dem die meisten Corona-Beschr\u00e4nkungen im \u00f6ffentlichen Leben wegfallen sollen. Damit haben die L\u00e4nder nach dem Ende der meisten Corona-Ma\u00dfnahmen ab dem 20. M\u00e4rz nur noch begrenzte M\u00f6glichkeiten, zu reagieren. An ihre Stelle sollen einige Basisschutzma\u00dfnahmen treten, sch\u00e4rfere Schutzma\u00dfnahmen sind k\u00fcnftig nur noch in Infektions-Hotspots m\u00f6glich.&#8220; Quellen: https:\/\/rp-online.de\/panorama\/coronavirus\/coronavirus-liveblog-ab-4-april-keine-maskenpflicht-mehr-in-nrw-schulen_aid-49194351 [&hellip;]<\/p>\n","protected":false},"author":1,"featured_media":0,"comment_status":"closed","ping_status":"open","sticky":false,"template":"","format":"standard","meta":{"footnotes":""},"categories":[1],"tags":[],"class_list":["post-23305","post","type-post","status-publish","format-standard","hentry","category-allgemein"],"_links":{"self":[{"href":"https:\/\/leonardcohen.de\/index.php?rest_route=\/wp\/v2\/posts\/23305","targetHints":{"allow":["GET"]}}],"collection":[{"href":"https:\/\/leonardcohen.de\/index.php?rest_route=\/wp\/v2\/posts"}],"about":[{"href":"https:\/\/leonardcohen.de\/index.php?rest_route=\/wp\/v2\/types\/post"}],"author":[{"embeddable":true,"href":"https:\/\/leonardcohen.de\/index.php?rest_route=\/wp\/v2\/users\/1"}],"replies":[{"embeddable":true,"href":"https:\/\/leonardcohen.de\/index.php?rest_route=%2Fwp%2Fv2%2Fcomments&post=23305"}],"version-history":[{"count":1,"href":"https:\/\/leonardcohen.de\/index.php?rest_route=\/wp\/v2\/posts\/23305\/revisions"}],"predecessor-version":[{"id":23306,"href":"https:\/\/leonardcohen.de\/index.php?rest_route=\/wp\/v2\/posts\/23305\/revisions\/23306"}],"wp:attachment":[{"href":"https:\/\/leonardcohen.de\/index.php?rest_route=%2Fwp%2Fv2%2Fmedia&parent=23305"}],"wp:term":[{"taxonomy":"category","embeddable":true,"href":"https:\/\/leonardcohen.de\/index.php?rest_route=%2Fwp%2Fv2%2Fcategories&post=23305"},{"taxonomy":"post_tag","embeddable":true,"href":"https:\/\/leonardcohen.de\/index.php?rest_route=%2Fwp%2Fv2%2Ftags&post=23305"}],"curies":[{"name":"wp","href":"https:\/\/api.w.org\/{rel}","templated":true}]}}