{"id":23919,"date":"2022-05-25T09:39:29","date_gmt":"2022-05-25T07:39:29","guid":{"rendered":"http:\/\/blog.leonardcohen.de\/?p=23919"},"modified":"2022-05-25T09:40:12","modified_gmt":"2022-05-25T07:40:12","slug":"kw-21-2022-my-lil-corona-tagebuch-on-a-monday-in-may-die-welt-sei-auf-die-pandemie-nicht-vorbereitet-gewesen-die-welt-sei-auch-nicht-genuegend-auf-eine-neue-pandemie-vorbereitet-sagt-who-chef-tedr","status":"publish","type":"post","link":"https:\/\/leonardcohen.de\/?p=23919","title":{"rendered":"KW-21-2022: my lil corona-tagebuch on a monday in may: Die Welt sei auf die Pandemie nicht vorbereitet gewesen, die Welt sei auch nicht gen\u00fcgend auf eine neue Pandemie vorbereitet, sagt WHO-Chef Tedro"},"content":{"rendered":"<div class=\"seitenkopf\">\n<div class=\"seitenkopf__data columns twelve m-ten m-offset-one l-eight l-offset-two\">\n<div class=\"seitenkopf__title\">\n<h1 class=\"seitenkopf__headline\"><span class=\"seitenkopf__headline--text\">&#8222;Pandemie ist noch lange nicht vorbei&#8220;<\/span><\/h1>\n<p><a href=\"https:\/\/www.tagesschau.de\/inland\/coronavirus-karte-deutschland-101.html\">https:\/\/www.tagesschau.de\/inland\/coronavirus-karte-deutschland-101.html<\/a><\/p>\n<div class=\"metatextline\">Stand: 23.05.2022 15:26 Uhr<\/div>\n<\/div>\n<\/div>\n<\/div>\n<p class=\"m-ten m-offset-one l-eight l-offset-two textabsatz columns twelve\"><strong>WHO-Chef Tedros hat erneut davor gewarnt, im Kampf gegen Corona nachl\u00e4ssig zu werden. Die Welt sei auf kommende Pandemien immer noch nicht gut vorbereitet. \u00c4rztepr\u00e4sident Reinhardt fordert einen &#8222;klaren Corona-Plan f\u00fcr den Herbst&#8220;.<\/strong><\/p>\n<p><a href=\"https:\/\/www.tagesschau.de\/ausland\/europa\/coronavirus-who-111.html\">https:\/\/www.tagesschau.de\/ausland\/europa\/coronavirus-who-111.html<\/a><\/p>\n","protected":false},"excerpt":{"rendered":"<p>&#8222;Pandemie ist noch lange nicht vorbei&#8220; https:\/\/www.tagesschau.de\/inland\/coronavirus-karte-deutschland-101.html Stand: 23.05.2022 15:26 Uhr WHO-Chef Tedros hat erneut davor gewarnt, im Kampf gegen Corona nachl\u00e4ssig zu werden. Die Welt sei auf kommende Pandemien immer noch nicht gut vorbereitet. \u00c4rztepr\u00e4sident Reinhardt fordert einen &#8222;klaren Corona-Plan f\u00fcr den Herbst&#8220;. https:\/\/www.tagesschau.de\/ausland\/europa\/coronavirus-who-111.html<\/p>\n","protected":false},"author":1,"featured_media":0,"comment_status":"closed","ping_status":"open","sticky":false,"template":"","format":"standard","meta":{"footnotes":""},"categories":[1],"tags":[],"class_list":["post-23919","post","type-post","status-publish","format-standard","hentry","category-allgemein"],"_links":{"self":[{"href":"https:\/\/leonardcohen.de\/index.php?rest_route=\/wp\/v2\/posts\/23919","targetHints":{"allow":["GET"]}}],"collection":[{"href":"https:\/\/leonardcohen.de\/index.php?rest_route=\/wp\/v2\/posts"}],"about":[{"href":"https:\/\/leonardcohen.de\/index.php?rest_route=\/wp\/v2\/types\/post"}],"author":[{"embeddable":true,"href":"https:\/\/leonardcohen.de\/index.php?rest_route=\/wp\/v2\/users\/1"}],"replies":[{"embeddable":true,"href":"https:\/\/leonardcohen.de\/index.php?rest_route=%2Fwp%2Fv2%2Fcomments&post=23919"}],"version-history":[{"count":2,"href":"https:\/\/leonardcohen.de\/index.php?rest_route=\/wp\/v2\/posts\/23919\/revisions"}],"predecessor-version":[{"id":23921,"href":"https:\/\/leonardcohen.de\/index.php?rest_route=\/wp\/v2\/posts\/23919\/revisions\/23921"}],"wp:attachment":[{"href":"https:\/\/leonardcohen.de\/index.php?rest_route=%2Fwp%2Fv2%2Fmedia&parent=23919"}],"wp:term":[{"taxonomy":"category","embeddable":true,"href":"https:\/\/leonardcohen.de\/index.php?rest_route=%2Fwp%2Fv2%2Fcategories&post=23919"},{"taxonomy":"post_tag","embeddable":true,"href":"https:\/\/leonardcohen.de\/index.php?rest_route=%2Fwp%2Fv2%2Ftags&post=23919"}],"curies":[{"name":"wp","href":"https:\/\/api.w.org\/{rel}","templated":true}]}}