{"id":24098,"date":"2022-06-06T13:16:01","date_gmt":"2022-06-06T11:16:01","guid":{"rendered":"http:\/\/blog.leonardcohen.de\/?p=24098"},"modified":"2022-06-06T13:16:57","modified_gmt":"2022-06-06T11:16:57","slug":"kw-22-2022-rock_am_ring_2022-was-bleibt-ein-blick-zurueck","status":"publish","type":"post","link":"https:\/\/leonardcohen.de\/?p=24098","title":{"rendered":"KW-22-2022: #Rock_am_Ring_2022: Was bleibt &#8211; Ein Blick zur\u00fcck :-)"},"content":{"rendered":"<p style=\"text-align: center;\">photo: Christof Graf<\/p>\n<p><strong>90.000 Fans feiern gemeinsam mit Green Day, Muse, Volbeat und vielen weiteren Acts die R\u00fcckkehr von Rock am Ring nach zweij\u00e4hriger, pandemiebedingter Auszeit. Die Veranstalter:innen DreamHaus und eventimpresents ziehen eine durchweg positive Bilanz.<\/strong><\/p>\n<p dir=\"ltr\"><em>05.06.2022, N\u00fcrburgring<\/em><br \/>\nSonntagnacht endete die 35. Ausgabe von Rock am Ring am N\u00fcrburgring mit dem gro\u00dfen Finale von Volbeat auf der Utopia- sowie Billy Talent auf der Mandora Stage. 90.000 Fans feierten gemeinsam mit 69 K\u00fcnstler:innen auf drei B\u00fchnen die R\u00fcckkehr des Festivalsommers nach der pandemiebedingter Pause.<\/p>\n<p>Gestartet wurde mit einem Knall: Am Freitagmittag er\u00f6ffneten die Donots das Festival mit einem gemeinsamen \u00dcberraschungsauftritt von Die Toten Hosen. Schon da gab es bei den Fans kein Halten mehr und es zeigte sich, wie sehr in den letzten zwei Jahren Live-Kultur gefehlt hat. Die Welle der Euphorie wurde an den drei Tagen getragen von einem begeisterten Publikum und mitrei\u00dfenden Auftritten von Green Day, Muse, Volbeat, Broilers, Casper, Marteria, M\u00e5neskin, Billy Talent, Placebo und vielen weiteren Acts.<\/p>\n<p dir=\"ltr\">CEO DreamHaus &amp; Festivalveranstalter Matt Schwarz zieht eine durchweg positive Bilanz: \u201cDer Neustart h\u00e4tte besser nicht laufen k\u00f6nnen. Die Aufbruchstimmung und Freude, wieder Teil eines Festivals zu sein, war \u00fcberall zu sp\u00fcren. Fans, K\u00fcnstler:innen und unsere Partner:innen fahren gl\u00fccklich nach Hause.\u201d<\/p>\n<p dir=\"ltr\">Das B\u00fchnenprogramm des traditionsreichsten deutschen Festivals wurde exklusiv von RTL+ \u00fcbertragen. Zudem brachte TikTok die besondere Festival-Experience in seine weltweite Community.<\/p>\n<p dir=\"ltr\">Dr. Frithjof Pils, Gesch\u00e4ftsf\u00fchrer eventimpresents: &#8222;Mit Hilfe neuer und innovativer Medienpartnerschaften ist es uns gelungen, das Erlebnis Rock am Ring mit so vielen Menschen zu teilen wie nie zuvor. Wir m\u00f6chten uns auch bei unseren fantastischen Markenpartner:innen bedanken, die uns dabei helfen, die bekannteste Festivalmarke Deutschlands immer noch ein bisschen besser zu machen&#8220;<\/p>\n<p dir=\"ltr\">Auch das Polizeipr\u00e4sidium Koblenz zieht ein positives Fazit:<br \/>\n<em>&#8222;Aus polizeilicher Sicht sind wir mit dem Einsatz bei Rock am Ring \u00e4u\u00dferst zufrieden. Alle Veranstaltungstage verliefen weitestgehend ruhig und ohne besondere Vorkommnisse. Das Verhalten der \u00fcberwiegenden Anzahl der Festivalbesucher war vorbildlich. Wir freuen uns, dass wir unseren Sicherheitsauftrag bei Rock am Ring so gut umsetzen konnten.&#8220;<\/em><\/p>\n<p dir=\"ltr\">Der DRK Rettungsdienst N\u00fcrburgring bedankt sich bei einem respektvollen Publikum und vermeldet rund 50% weniger Rettungs- und Sanit\u00e4tseins\u00e4tze im Vergleich zu den Vorjahren.<\/p>\n<p dir=\"ltr\">Das Veranstalter-Team hat die Festivalpause nicht zuletzt genutzt, um in einen Dialog mit Fans und K\u00fcnstler:innen zu treten und das gr\u00f6\u00dfte deutsche Zwillingsfestival Rock am Ring und Rock im Park f\u00fcr die Zukunft auszurichten. Rock am Ring wird k\u00fcnftig ganzheitlicher und nachhaltiger gestaltet. Das gastronomische Angebot wurde auf diesem Wege ebenso optimiert wie die digitale Begleitung und der allgemeine Erlebnischarakter des Festivalgel\u00e4ndes.<\/p>\n<p dir=\"ltr\">Mit 75.000 Besucher:innen pro Tag verzeichnet auch Rock im Park in N\u00fcrnberg ein \u00fcberaus erfolgreiches Festivalwochenende.<\/p>\n<p dir=\"ltr\"><strong>Die 36. Ausgabe von Rock am Ring und 27. von Rock im Park findet vom 02. &#8211; 04. Juni 2023 am N\u00fcrburgring sowie auf dem N\u00fcrnberger Zeppelinfeld statt.<\/strong><\/p>\n<p><span id=\"page3R_mcid0\" class=\"markedContent\"><\/span><span id=\"page3R_mcid1\" class=\"markedContent\"><\/span><span id=\"page3R_mcid2\" class=\"markedContent\"><\/span><strong><span id=\"page3R_mcid3\" class=\"markedContent\"><span dir=\"ltr\" role=\"presentation\">ZAHLEN &amp; FAKTEN<\/span> <span dir=\"ltr\" role=\"presentation\">&#8211;<\/span> <span dir=\"ltr\" role=\"presentation\">ROCK AM RING 2022<\/span><\/span><span id=\"page3R_mcid4\" class=\"markedContent\"><\/span><\/strong><span id=\"page3R_mcid5\" class=\"markedContent\"><br role=\"presentation\" \/><span dir=\"ltr\" role=\"presentation\">Allgemeines:<\/span><\/span><span id=\"page3R_mcid6\" class=\"markedContent\"><br role=\"presentation\" \/><span dir=\"ltr\" role=\"presentation\">\u25cf<\/span> <span dir=\"ltr\" role=\"presentation\">41.128 Mahlzeiten f\u00fcr die Crew<\/span><\/span><span id=\"page3R_mcid7\" class=\"markedContent\"><br role=\"presentation\" \/><span dir=\"ltr\" role=\"presentation\">\u25cf<\/span> <span dir=\"ltr\" role=\"presentation\">150 Lichtmasten<\/span><\/span><span id=\"page3R_mcid8\" class=\"markedContent\"><br role=\"presentation\" \/><span dir=\"ltr\" role=\"presentation\">\u25cf<\/span> <span dir=\"ltr\" role=\"presentation\">39 Kilometer Stromkabel auf dem Outfield<\/span><\/span><span id=\"page3R_mcid9\" class=\"markedContent\"><br role=\"presentation\" \/><span dir=\"ltr\" role=\"presentation\">\u25cf<\/span> <span dir=\"ltr\" role=\"presentation\">23 Kilometer Stromkabel auf Infield<\/span><\/span><span id=\"page3R_mcid10\" class=\"markedContent\"><br role=\"presentation\" \/><span dir=\"ltr\" role=\"presentation\">\u25cf<\/span> <span dir=\"ltr\" role=\"presentation\">45 Kilometer Z\u00e4une \/ Gitter<\/span><\/span><span id=\"page3R_mcid11\" class=\"markedContent\"><\/span><span id=\"page3R_mcid12\" class=\"markedContent\"><br role=\"presentation\" \/><span dir=\"ltr\" role=\"presentation\">Komfort &amp; Hygiene in Zahlen:<\/span><\/span><span id=\"page3R_mcid13\" class=\"markedContent\"><br role=\"presentation\" \/><span dir=\"ltr\" role=\"presentation\">\u25cf<\/span> <span dir=\"ltr\" role=\"presentation\">700 WCs<\/span> <span dir=\"ltr\" role=\"presentation\">(davon 425 Vakuum<\/span><span dir=\"ltr\" role=\"presentation\">&#8211;<\/span><span dir=\"ltr\" role=\"presentation\">WCs)<\/span><\/span><span id=\"page3R_mcid14\" class=\"markedContent\"><br role=\"presentation\" \/><span dir=\"ltr\" role=\"presentation\">\u25cf<\/span> <span dir=\"ltr\" role=\"presentation\">800 Mobiltoiletten<\/span><\/span><span id=\"page3R_mcid15\" class=\"markedContent\"><br role=\"presentation\" \/><span dir=\"ltr\" role=\"presentation\">\u25cf<\/span> <span dir=\"ltr\" role=\"presentation\">650 Urinale<\/span><\/span><span id=\"page3R_mcid16\" class=\"markedContent\"><br role=\"presentation\" \/><span dir=\"ltr\" role=\"presentation\">\u25cf<\/span> <span dir=\"ltr\" role=\"presentation\">600 Duschen<\/span><\/span><span id=\"page3R_mcid17\" class=\"markedContent\"><br role=\"presentation\" \/><span dir=\"ltr\" role=\"presentation\">\u25cf<\/span> <span dir=\"ltr\" role=\"presentation\">1000 Waschbecken\/Trinkwasserstellen<\/span><\/span><span id=\"page3R_mcid18\" class=\"markedContent\"><br role=\"presentation\" \/><span dir=\"ltr\" role=\"presentation\">\u25cf<\/span> <span dir=\"ltr\" role=\"presentation\">200 Spiegel\/F\u00f6n + Steckdosen f\u00fcr die G\u00e4st:innen<\/span><\/span><span id=\"page3R_mcid19\" class=\"markedContent\"><br role=\"presentation\" \/><span dir=\"ltr\" role=\"presentation\">Nachhaltigkeit &amp; Verantwortung f\u00fcr einen sicheren Neustart:<\/span><\/span><span id=\"page3R_mcid20\" class=\"markedContent\"><br role=\"presentation\" \/><span dir=\"ltr\" role=\"presentation\">\u25cf<\/span> <span dir=\"ltr\" role=\"presentation\">60% der WCs sind mit<\/span> <span dir=\"ltr\" role=\"presentation\">wassersparender Vakuum<\/span><span dir=\"ltr\" role=\"presentation\">&#8211;<\/span><span dir=\"ltr\" role=\"presentation\">Technik ausgestattet<\/span><\/span><span id=\"page3R_mcid21\" class=\"markedContent\"><br role=\"presentation\" \/><span dir=\"ltr\" role=\"presentation\">\u25cf<\/span> <span dir=\"ltr\" role=\"presentation\">90% Wasserersparnis pro Sp\u00fclgang (0,5l statt 5l pro Sp\u00fclgang)<\/span><\/span><span id=\"page3R_mcid22\" class=\"markedContent\"><br role=\"presentation\" \/><span dir=\"ltr\" role=\"presentation\">\u25cf<\/span> <span dir=\"ltr\" role=\"presentation\">alle Urinale funktionieren wasserlos<\/span><\/span><span id=\"page3R_mcid23\" class=\"markedContent\"><br role=\"presentation\" \/><span dir=\"ltr\" role=\"presentation\">\u25cf<\/span> <span dir=\"ltr\" role=\"presentation\">optimierter Wasserverbrauch durch Brauchwassernutzung f\u00fcr die WC<\/span><span dir=\"ltr\" role=\"presentation\">&#8211;<\/span><span dir=\"ltr\" role=\"presentation\">Sp\u00fclung<\/span><\/span><span id=\"page3R_mcid24\" class=\"markedContent\"><br role=\"presentation\" \/><span dir=\"ltr\" role=\"presentation\">\u25cf<\/span> <span dir=\"ltr\" role=\"presentation\">barrierefreie WCs\/Duschen mit wasserspar<\/span><span dir=\"ltr\" role=\"presentation\">ender Vakuum<\/span><span dir=\"ltr\" role=\"presentation\">&#8211;<\/span><span dir=\"ltr\" role=\"presentation\">Technik<\/span><\/span><span id=\"page3R_mcid25\" class=\"markedContent\"><br role=\"presentation\" \/><span dir=\"ltr\" role=\"presentation\">\u25cf<\/span> <span dir=\"ltr\" role=\"presentation\">80% der WCs\/Duschen sind blickdichte Einzelkabinen f\u00fcr eine sichere Privatsph\u00e4re<\/span><br role=\"presentation\" \/><span dir=\"ltr\" role=\"presentation\">(\u201esafe space\u201c)<\/span><\/span><span id=\"page3R_mcid26\" class=\"markedContent\"><br role=\"presentation\" \/><span dir=\"ltr\" role=\"presentation\">\u25cf<\/span> <span dir=\"ltr\" role=\"presentation\">Bio und Organic<\/span><span dir=\"ltr\" role=\"presentation\">&#8211;<\/span><span dir=\"ltr\" role=\"presentation\">Food Catering<\/span><\/span><span id=\"page3R_mcid27\" class=\"markedContent\"><br role=\"presentation\" \/><span dir=\"ltr\" role=\"presentation\">\u25cf<\/span> <span dir=\"ltr\" role=\"presentation\">Organic und nachhaltig hergestelltes Merchandising<\/span><\/span><span id=\"page3R_mcid28\" class=\"markedContent\"><br role=\"presentation\" \/><span dir=\"ltr\" role=\"presentation\">\u25cf<\/span> <span dir=\"ltr\" role=\"presentation\">Kooperation mit tentation und Utopia zur Weiterverwendung<\/span> <span dir=\"ltr\" role=\"presentation\">kaputter \/ liegen<\/span><br role=\"presentation\" \/><span dir=\"ltr\" role=\"presentation\">gelassener Zelte.<\/span><\/span><\/p>\n","protected":false},"excerpt":{"rendered":"<p>photo: Christof Graf 90.000 Fans feiern gemeinsam mit Green Day, Muse, Volbeat und vielen weiteren Acts die R\u00fcckkehr von Rock am Ring nach zweij\u00e4hriger, pandemiebedingter Auszeit. Die Veranstalter:innen DreamHaus und eventimpresents ziehen eine durchweg positive Bilanz. 05.06.2022, N\u00fcrburgring Sonntagnacht endete die 35. Ausgabe von Rock am Ring am N\u00fcrburgring mit dem gro\u00dfen Finale von Volbeat [&hellip;]<\/p>\n","protected":false},"author":1,"featured_media":24100,"comment_status":"closed","ping_status":"open","sticky":false,"template":"","format":"standard","meta":{"footnotes":""},"categories":[1],"tags":[],"class_list":["post-24098","post","type-post","status-publish","format-standard","has-post-thumbnail","hentry","category-allgemein"],"_links":{"self":[{"href":"https:\/\/leonardcohen.de\/index.php?rest_route=\/wp\/v2\/posts\/24098","targetHints":{"allow":["GET"]}}],"collection":[{"href":"https:\/\/leonardcohen.de\/index.php?rest_route=\/wp\/v2\/posts"}],"about":[{"href":"https:\/\/leonardcohen.de\/index.php?rest_route=\/wp\/v2\/types\/post"}],"author":[{"embeddable":true,"href":"https:\/\/leonardcohen.de\/index.php?rest_route=\/wp\/v2\/users\/1"}],"replies":[{"embeddable":true,"href":"https:\/\/leonardcohen.de\/index.php?rest_route=%2Fwp%2Fv2%2Fcomments&post=24098"}],"version-history":[{"count":2,"href":"https:\/\/leonardcohen.de\/index.php?rest_route=\/wp\/v2\/posts\/24098\/revisions"}],"predecessor-version":[{"id":24101,"href":"https:\/\/leonardcohen.de\/index.php?rest_route=\/wp\/v2\/posts\/24098\/revisions\/24101"}],"wp:featuredmedia":[{"embeddable":true,"href":"https:\/\/leonardcohen.de\/index.php?rest_route=\/wp\/v2\/media\/24100"}],"wp:attachment":[{"href":"https:\/\/leonardcohen.de\/index.php?rest_route=%2Fwp%2Fv2%2Fmedia&parent=24098"}],"wp:term":[{"taxonomy":"category","embeddable":true,"href":"https:\/\/leonardcohen.de\/index.php?rest_route=%2Fwp%2Fv2%2Fcategories&post=24098"},{"taxonomy":"post_tag","embeddable":true,"href":"https:\/\/leonardcohen.de\/index.php?rest_route=%2Fwp%2Fv2%2Ftags&post=24098"}],"curies":[{"name":"wp","href":"https:\/\/api.w.org\/{rel}","templated":true}]}}