{"id":24545,"date":"2022-07-19T14:50:56","date_gmt":"2022-07-19T12:50:56","guid":{"rendered":"http:\/\/blog.leonardcohen.de\/?p=24545"},"modified":"2022-07-19T21:09:07","modified_gmt":"2022-07-19T19:09:07","slug":"kw-29-2022-my-lil-corona-tagebuch-schon-gibt-es-eine-corona-sommerwelle-das-gesundheitsministerium-erwartet-eine-prekaere-situation-und-ob-bob-dylan-seien-mobile-free-shows-corona-konf","status":"publish","type":"post","link":"https:\/\/leonardcohen.de\/?p=24545","title":{"rendered":"KW-29-2022: my lil corona-tagebuch: Schon gibt es eine Corona-Sommerwelle &#8211; &#8230; das Gesundheitsministerium erwartet eine &#8222;prek\u00e4re Situation&#8220; &#8230; und ob Bob Dylan seine mobile-free shows corona-konform organisiert, wei\u00df man auch nicht :-)"},"content":{"rendered":"<div class=\"seitenkopf\">\n<div class=\"seitenkopf__data columns twelve m-ten m-offset-one l-eight l-offset-two\">\n<div class=\"seitenkopf__title\">\n<h1 class=\"seitenkopf__headline\"><span class=\"seitenkopf__headline--text\"><span class=\"hyphenate\">Gesundheitsministerium <\/span>will mehr Spielraum<\/span><\/h1>\n<div class=\"metatextline\">Stand: 18.07.2022 16:01 Uhr<\/div>\n<\/div>\n<\/div>\n<\/div>\n<p class=\"m-ten m-offset-one l-eight l-offset-two textabsatz columns twelve\"><strong>Schon gibt es eine Corona-Sommerwelle &#8211; die schwerere Herbst-Welle kommt wohl erst noch. Das Gesundheitsministerium erwartet eine &#8222;prek\u00e4re Situation&#8220; und dringt offenbar auf umfassende M\u00f6glichkeiten zum Gegensteuern.<\/strong><\/p>\n<p class=\"m-ten m-offset-one l-eight l-offset-two textabsatz columns twelve\">Das Bundesgesundheitsministerium dringt angesichts einer erwarteten schweren Corona-Welle im Herbst auf umfassende M\u00f6glichkeiten zum Gegensteuern mit staatlichen Schutzvorgaben. Es werde &#8222;ein breites Repertoire von Schutzma\u00dfnahmen&#8220; notwendig sein, zitierte die Nachrichtenagentur dpa Ministeriumskreise. Die L\u00e4nder m\u00fcssten vieles machen k\u00f6nnen, um auf die Lage reagieren zu k\u00f6nnen.<\/p>\n<p class=\"m-ten m-offset-one l-eight l-offset-two textabsatz columns twelve\">Angesichts der ansteckenderen Virusvariante BA.5 sei f\u00fcr den Herbst &#8222;eine prek\u00e4re Situation&#8220; wie bei einer an beiden Enden brennenden Kerze zu erwarten: mit einerseits nicht nur vielen, sondern sehr vielen Infektionsf\u00e4llen in der Bev\u00f6lkerung &#8211; und andererseits ebenfalls vielen infiziert ausfallenden Pflegekr\u00e4ften oder \u00c4rztinnen und \u00c4rzten.<\/p>\n<p>Quelle: <a href=\"https:\/\/www.tagesschau.de\/inland\/coronavirus-karte-deutschland-101.html\"><em><strong>https:\/\/www.tagesschau.de\/inland\/coronavirus-karte-deutschland-101.html<\/strong><\/em><\/a><\/p>\n","protected":false},"excerpt":{"rendered":"<p>Gesundheitsministerium will mehr Spielraum Stand: 18.07.2022 16:01 Uhr Schon gibt es eine Corona-Sommerwelle &#8211; die schwerere Herbst-Welle kommt wohl erst noch. Das Gesundheitsministerium erwartet eine &#8222;prek\u00e4re Situation&#8220; und dringt offenbar auf umfassende M\u00f6glichkeiten zum Gegensteuern. Das Bundesgesundheitsministerium dringt angesichts einer erwarteten schweren Corona-Welle im Herbst auf umfassende M\u00f6glichkeiten zum Gegensteuern mit staatlichen Schutzvorgaben. Es werde [&hellip;]<\/p>\n","protected":false},"author":1,"featured_media":0,"comment_status":"closed","ping_status":"open","sticky":false,"template":"","format":"standard","meta":{"footnotes":""},"categories":[1],"tags":[],"class_list":["post-24545","post","type-post","status-publish","format-standard","hentry","category-allgemein"],"_links":{"self":[{"href":"https:\/\/leonardcohen.de\/index.php?rest_route=\/wp\/v2\/posts\/24545","targetHints":{"allow":["GET"]}}],"collection":[{"href":"https:\/\/leonardcohen.de\/index.php?rest_route=\/wp\/v2\/posts"}],"about":[{"href":"https:\/\/leonardcohen.de\/index.php?rest_route=\/wp\/v2\/types\/post"}],"author":[{"embeddable":true,"href":"https:\/\/leonardcohen.de\/index.php?rest_route=\/wp\/v2\/users\/1"}],"replies":[{"embeddable":true,"href":"https:\/\/leonardcohen.de\/index.php?rest_route=%2Fwp%2Fv2%2Fcomments&post=24545"}],"version-history":[{"count":2,"href":"https:\/\/leonardcohen.de\/index.php?rest_route=\/wp\/v2\/posts\/24545\/revisions"}],"predecessor-version":[{"id":24549,"href":"https:\/\/leonardcohen.de\/index.php?rest_route=\/wp\/v2\/posts\/24545\/revisions\/24549"}],"wp:attachment":[{"href":"https:\/\/leonardcohen.de\/index.php?rest_route=%2Fwp%2Fv2%2Fmedia&parent=24545"}],"wp:term":[{"taxonomy":"category","embeddable":true,"href":"https:\/\/leonardcohen.de\/index.php?rest_route=%2Fwp%2Fv2%2Fcategories&post=24545"},{"taxonomy":"post_tag","embeddable":true,"href":"https:\/\/leonardcohen.de\/index.php?rest_route=%2Fwp%2Fv2%2Ftags&post=24545"}],"curies":[{"name":"wp","href":"https:\/\/api.w.org\/{rel}","templated":true}]}}