{"id":24913,"date":"2022-09-08T22:23:43","date_gmt":"2022-09-08T20:23:43","guid":{"rendered":"http:\/\/blog.leonardcohen.de\/?p=24913"},"modified":"2022-09-08T22:23:43","modified_gmt":"2022-09-08T20:23:43","slug":"kw-36-2022-my-lil-corona-tagebuch-pandemiebekaempfung-bundestag-beschliesst-corona-regeln-fuer-den-herbst","status":"publish","type":"post","link":"https:\/\/leonardcohen.de\/?p=24913","title":{"rendered":"KW-36-2022: My lil corona-tagebuch: Pandemiebek\u00e4mpfung Bundestag beschlie\u00dft Corona-Regeln f\u00fcr den Herbst"},"content":{"rendered":"<p>Stand: 08.09.2022 16:01 Uhr<\/p>\n<p>Der Bundestag hat f\u00fcr eine erneute \u00c4nderung des Infektionsschutzgesetzes gestimmt. Das Gesetzespaket sieht generell wieder sch\u00e4rfere Vorgaben zu Masken und Tests vor. Lockdowns und Schulschlie\u00dfungen soll es nicht mehr geben.<\/p>\n<p>Der Bundestag hat die Corona-Regeln f\u00fcr Herbst und Winter beschlossen. Das Gesetzespaket der Ampel-Koalition, das generell wieder sch\u00e4rfere Vorgaben zu Masken und Tests erm\u00f6glicht, erhielt 386 Stimmen. 313 Abgeordnete stimmten dagegen, 3 enthielten sich. Nun muss der Bundesrat noch zustimmen. Die Regeln sollen ab dem 1. Oktober bis zum 7. April 2023 gelten. Mit den neuen Regeln soll einem bef\u00fcrchteten deutlichen Anstieg der Corona-Infektionen begegnet werden.<\/p>\n<p>Maskenpflicht im Nahverkehr bleibt<\/p>\n<p>Sogenannte Lockdowns geh\u00f6ren allerdings ebenso wenig wie generelle Schulschlie\u00dfungen zu den Instrumenten, die den L\u00e4ndern erm\u00f6glicht werden. Im \u00d6ffentlichen Nahverkehr soll die FFP2-Pflicht aber bleiben. Im Gesundheitsbereich wird sie auf Arztpraxen ausgeweitet. Ohne die erneute \u00c4ndrungen des Infektionsschutzgesetzes w\u00e4ren alle Schutzregeln am 23. September ausgelaufen.<\/p>\n<p>Bundesgesundheitsminister Karl Lauterbach hatte zuvor f\u00fcr das Paket geworben und sieht Deutschland mit dem neuen Infektionsschutzgesetz gut auf eine m\u00f6gliche neue Corona-Welle vorbereitet. Es lasse sich allerdings noch nicht genau vorhersehen, wie sich die Situation entwickeln werde, so der SPD-Politiker im Bundestag. Man werde die Lage im Herbst aber im Griff haben.<\/p>\n<p>QUELLE: <em><strong><a href=\"https:\/\/www.tagesschau.de\/inland\/innenpolitik\/coronavirus-bundestag-infektionsschutzgesetz-101.html\">https:\/\/www.tagesschau.de\/inland\/innenpolitik\/coronavirus-bundestag-infektionsschutzgesetz-101.html<\/a><\/strong><\/em><\/p>\n","protected":false},"excerpt":{"rendered":"<p>Stand: 08.09.2022 16:01 Uhr Der Bundestag hat f\u00fcr eine erneute \u00c4nderung des Infektionsschutzgesetzes gestimmt. Das Gesetzespaket sieht generell wieder sch\u00e4rfere Vorgaben zu Masken und Tests vor. Lockdowns und Schulschlie\u00dfungen soll es nicht mehr geben. Der Bundestag hat die Corona-Regeln f\u00fcr Herbst und Winter beschlossen. Das Gesetzespaket der Ampel-Koalition, das generell wieder sch\u00e4rfere Vorgaben zu Masken [&hellip;]<\/p>\n","protected":false},"author":1,"featured_media":0,"comment_status":"closed","ping_status":"open","sticky":false,"template":"","format":"standard","meta":{"footnotes":""},"categories":[1],"tags":[],"class_list":["post-24913","post","type-post","status-publish","format-standard","hentry","category-allgemein"],"_links":{"self":[{"href":"https:\/\/leonardcohen.de\/index.php?rest_route=\/wp\/v2\/posts\/24913","targetHints":{"allow":["GET"]}}],"collection":[{"href":"https:\/\/leonardcohen.de\/index.php?rest_route=\/wp\/v2\/posts"}],"about":[{"href":"https:\/\/leonardcohen.de\/index.php?rest_route=\/wp\/v2\/types\/post"}],"author":[{"embeddable":true,"href":"https:\/\/leonardcohen.de\/index.php?rest_route=\/wp\/v2\/users\/1"}],"replies":[{"embeddable":true,"href":"https:\/\/leonardcohen.de\/index.php?rest_route=%2Fwp%2Fv2%2Fcomments&post=24913"}],"version-history":[{"count":1,"href":"https:\/\/leonardcohen.de\/index.php?rest_route=\/wp\/v2\/posts\/24913\/revisions"}],"predecessor-version":[{"id":24914,"href":"https:\/\/leonardcohen.de\/index.php?rest_route=\/wp\/v2\/posts\/24913\/revisions\/24914"}],"wp:attachment":[{"href":"https:\/\/leonardcohen.de\/index.php?rest_route=%2Fwp%2Fv2%2Fmedia&parent=24913"}],"wp:term":[{"taxonomy":"category","embeddable":true,"href":"https:\/\/leonardcohen.de\/index.php?rest_route=%2Fwp%2Fv2%2Fcategories&post=24913"},{"taxonomy":"post_tag","embeddable":true,"href":"https:\/\/leonardcohen.de\/index.php?rest_route=%2Fwp%2Fv2%2Ftags&post=24913"}],"curies":[{"name":"wp","href":"https:\/\/api.w.org\/{rel}","templated":true}]}}