{"id":24992,"date":"2022-09-16T21:59:42","date_gmt":"2022-09-16T19:59:42","guid":{"rendered":"http:\/\/blog.leonardcohen.de\/?p=24992"},"modified":"2022-09-16T22:03:05","modified_gmt":"2022-09-16T20:03:05","slug":"kw-37-2022-my-lil-corona-tagebuch-kurz-vor-beginn-des-herbstes-steigen-die-corona-zahlen-erneut-eine-neue-herbstwelle-wird-befuerchtet-bundesrat-beschliesst-corona-regeln-fuer-herbst-und-winter","status":"publish","type":"post","link":"https:\/\/leonardcohen.de\/?p=24992","title":{"rendered":"KW-37-2022: my lil corona-tagebuch: Kurz vor Beginn des Herbstes steigen die Corona-Zahlen erneut &#8211; eine neue Herbstwelle wird bef\u00fcrchtet. Bundesrat beschlie\u00dft Corona-Regeln f\u00fcr Herbst und Winter. Wenn sich die Lage verschlimmert, k\u00f6nnen weitere Vorgaben gemacht werden. Neue bundesweite Impfkampagne."},"content":{"rendered":"<p>quelle: <a href=\"https:\/\/de.nachrichten.yahoo.com\/bundesrat-beschliesst-corona-regeln-fur-herbst-und-winter-090530058.html\">https:\/\/de.nachrichten.yahoo.com\/bundesrat-beschliesst-corona-regeln-fur-herbst-und-winter-090530058.html<\/a><\/p>\n","protected":false},"excerpt":{"rendered":"<p>quelle: https:\/\/de.nachrichten.yahoo.com\/bundesrat-beschliesst-corona-regeln-fur-herbst-und-winter-090530058.html<\/p>\n","protected":false},"author":1,"featured_media":0,"comment_status":"closed","ping_status":"open","sticky":false,"template":"","format":"standard","meta":{"footnotes":""},"categories":[1],"tags":[],"class_list":["post-24992","post","type-post","status-publish","format-standard","hentry","category-allgemein"],"_links":{"self":[{"href":"https:\/\/leonardcohen.de\/index.php?rest_route=\/wp\/v2\/posts\/24992","targetHints":{"allow":["GET"]}}],"collection":[{"href":"https:\/\/leonardcohen.de\/index.php?rest_route=\/wp\/v2\/posts"}],"about":[{"href":"https:\/\/leonardcohen.de\/index.php?rest_route=\/wp\/v2\/types\/post"}],"author":[{"embeddable":true,"href":"https:\/\/leonardcohen.de\/index.php?rest_route=\/wp\/v2\/users\/1"}],"replies":[{"embeddable":true,"href":"https:\/\/leonardcohen.de\/index.php?rest_route=%2Fwp%2Fv2%2Fcomments&post=24992"}],"version-history":[{"count":2,"href":"https:\/\/leonardcohen.de\/index.php?rest_route=\/wp\/v2\/posts\/24992\/revisions"}],"predecessor-version":[{"id":24994,"href":"https:\/\/leonardcohen.de\/index.php?rest_route=\/wp\/v2\/posts\/24992\/revisions\/24994"}],"wp:attachment":[{"href":"https:\/\/leonardcohen.de\/index.php?rest_route=%2Fwp%2Fv2%2Fmedia&parent=24992"}],"wp:term":[{"taxonomy":"category","embeddable":true,"href":"https:\/\/leonardcohen.de\/index.php?rest_route=%2Fwp%2Fv2%2Fcategories&post=24992"},{"taxonomy":"post_tag","embeddable":true,"href":"https:\/\/leonardcohen.de\/index.php?rest_route=%2Fwp%2Fv2%2Ftags&post=24992"}],"curies":[{"name":"wp","href":"https:\/\/api.w.org\/{rel}","templated":true}]}}