{"id":26185,"date":"2023-01-05T21:33:49","date_gmt":"2023-01-05T19:33:49","guid":{"rendered":"http:\/\/blog.leonardcohen.de\/?p=26185"},"modified":"2023-01-05T22:17:01","modified_gmt":"2023-01-05T20:17:01","slug":"kw-01-2023-my-lil-corona-tagebuch-im-jahr-4-der-pandemie-wann-haette-ich-gedacht-dass-mir-auch-noch-in-kw-01-des-jahres-2023-danach-ist-die-corona-situation-ein-wenig-begleitend-zu-dokumentie","status":"publish","type":"post","link":"https:\/\/leonardcohen.de\/?p=26185","title":{"rendered":"KW-01-2023: my lil corona-tagebuch &#8230; im Jahr 4 der Pandemie ? wann h\u00e4tte ich gedacht, da\u00df mir auch noch in KW 01 des Jahres 2023 danach ist, die Corona-Situation ein wenig begleitend zu dokumentieren&#8230;wo doch &#8222;alle&#8220; Corona schon abgesagt hatten oder abgesagt geglaubt hatten &#8230; aber es ist wohl so, da\u00df die Pandemie erst dann abgesagt ist, wenn sie \u00fcberall abgesagt ist&#8230; China hatte seine strengen Corona-Ma\u00dfnahmen im Dezember 2022 weitgehend aufgehoben. Seitdem steigen die Infektionszahlen rasant an. &#8211; Heute hei\u00dft es:  Corona-Welle in China Testpflicht auch f\u00fcr Einreise nach Deutschland &#8211; Stand: 05.01.2023 15:03 Uhr"},"content":{"rendered":"<p><a href=\"https:\/\/www.tagesschau.de\/inland\/innenpolitik\/corona-china-einreise-testpflicht-101.html\"><strong>https:\/\/www.tagesschau.de\/inland\/innenpolitik\/corona-china-einreise-testpflicht-101.html<\/strong><\/a><\/p>\n","protected":false},"excerpt":{"rendered":"<p>https:\/\/www.tagesschau.de\/inland\/innenpolitik\/corona-china-einreise-testpflicht-101.html<\/p>\n","protected":false},"author":1,"featured_media":0,"comment_status":"closed","ping_status":"open","sticky":false,"template":"","format":"standard","meta":{"footnotes":""},"categories":[1],"tags":[],"class_list":["post-26185","post","type-post","status-publish","format-standard","hentry","category-allgemein"],"_links":{"self":[{"href":"https:\/\/leonardcohen.de\/index.php?rest_route=\/wp\/v2\/posts\/26185","targetHints":{"allow":["GET"]}}],"collection":[{"href":"https:\/\/leonardcohen.de\/index.php?rest_route=\/wp\/v2\/posts"}],"about":[{"href":"https:\/\/leonardcohen.de\/index.php?rest_route=\/wp\/v2\/types\/post"}],"author":[{"embeddable":true,"href":"https:\/\/leonardcohen.de\/index.php?rest_route=\/wp\/v2\/users\/1"}],"replies":[{"embeddable":true,"href":"https:\/\/leonardcohen.de\/index.php?rest_route=%2Fwp%2Fv2%2Fcomments&post=26185"}],"version-history":[{"count":4,"href":"https:\/\/leonardcohen.de\/index.php?rest_route=\/wp\/v2\/posts\/26185\/revisions"}],"predecessor-version":[{"id":26202,"href":"https:\/\/leonardcohen.de\/index.php?rest_route=\/wp\/v2\/posts\/26185\/revisions\/26202"}],"wp:attachment":[{"href":"https:\/\/leonardcohen.de\/index.php?rest_route=%2Fwp%2Fv2%2Fmedia&parent=26185"}],"wp:term":[{"taxonomy":"category","embeddable":true,"href":"https:\/\/leonardcohen.de\/index.php?rest_route=%2Fwp%2Fv2%2Fcategories&post=26185"},{"taxonomy":"post_tag","embeddable":true,"href":"https:\/\/leonardcohen.de\/index.php?rest_route=%2Fwp%2Fv2%2Ftags&post=26185"}],"curies":[{"name":"wp","href":"https:\/\/api.w.org\/{rel}","templated":true}]}}