{"id":26950,"date":"2023-04-05T14:38:37","date_gmt":"2023-04-05T12:38:37","guid":{"rendered":"http:\/\/blog.leonardcohen.de\/?p=26950"},"modified":"2023-04-05T15:01:24","modified_gmt":"2023-04-05T13:01:24","slug":"kw-14-2023-rock-am-ring-tagestickets-jetzt-erhaeltlich","status":"publish","type":"post","link":"https:\/\/leonardcohen.de\/?p=26950","title":{"rendered":"KW-13-2023: 29. M\u00e4rz 2023 &#8211; Rock am Ring-Tagestickets &#8211; Jetzt erh\u00e4ltlich &#8211; Tagestickets ab sofort verf\u00fcgbar \u00ad  Ihr habt es euch gew\u00fcnscht, wir haben es geh\u00f6rt!  Ab sofort gibt es auch Tagestickets im Verkauf.  Sichert euch euren Festivaltag ab 99\u20ac! Die Day Parkin"},"content":{"rendered":"<table role=\"presentation\" border=\"0\" width=\"100%\" cellspacing=\"0\" cellpadding=\"0\">\n<tbody>\n<tr>\n<td class=\"yiv1344894362r12-c\" align=\"left\">\n<table class=\"yiv1344894362r13-o\" role=\"presentation\" border=\"0\" width=\"100%\" cellspacing=\"0\" cellpadding=\"0\">\n<tbody>\n<tr>\n<td class=\"yiv1344894362r14-i yiv1344894362nl2go-default-textstyle\" align=\"center\" valign=\"top\">\n<div>\n<h1 class=\"yiv1344894362default-heading1\">Tagestickets ab sofort verf\u00fcgbar<\/h1>\n<\/div>\n<\/td>\n<\/tr>\n<\/tbody>\n<\/table>\n<\/td>\n<\/tr>\n<tr>\n<td class=\"yiv1344894362r12-c\" align=\"left\">\n<table class=\"yiv1344894362r15-o\" role=\"presentation\" border=\"0\" width=\"100%\" cellspacing=\"0\" cellpadding=\"0\">\n<tbody>\n<tr class=\"yiv1344894362nl2go-responsive-hide\">\n<td height=\"30\">\u00ad<\/td>\n<\/tr>\n<tr>\n<td class=\"yiv1344894362r16-i yiv1344894362nl2go-default-textstyle\" align=\"center\" valign=\"top\">\n<div>\n<p>Ihr habt es euch gew\u00fcnscht, wir haben es geh\u00f6rt!<br \/>\nAb sofort gibt es auch Tagestickets im Verkauf.<br \/>\nSichert euch euren Festivaltag ab 99\u20ac! Die Day Parkin<\/p>\n<h2><a href=\"http:\/\/www.rockamring.de\">www.rockamring.de<\/a><\/h2>\n<\/div>\n<\/td>\n<\/tr>\n<\/tbody>\n<\/table>\n<\/td>\n<\/tr>\n<\/tbody>\n<\/table>\n","protected":false},"excerpt":{"rendered":"<p>Tagestickets ab sofort verf\u00fcgbar \u00ad Ihr habt es euch gew\u00fcnscht, wir haben es geh\u00f6rt! Ab sofort gibt es auch Tagestickets im Verkauf. Sichert euch euren Festivaltag ab 99\u20ac! Die Day Parkin www.rockamring.de<\/p>\n","protected":false},"author":1,"featured_media":26955,"comment_status":"closed","ping_status":"open","sticky":false,"template":"","format":"standard","meta":{"footnotes":""},"categories":[1],"tags":[],"class_list":["post-26950","post","type-post","status-publish","format-standard","has-post-thumbnail","hentry","category-allgemein"],"_links":{"self":[{"href":"https:\/\/leonardcohen.de\/index.php?rest_route=\/wp\/v2\/posts\/26950","targetHints":{"allow":["GET"]}}],"collection":[{"href":"https:\/\/leonardcohen.de\/index.php?rest_route=\/wp\/v2\/posts"}],"about":[{"href":"https:\/\/leonardcohen.de\/index.php?rest_route=\/wp\/v2\/types\/post"}],"author":[{"embeddable":true,"href":"https:\/\/leonardcohen.de\/index.php?rest_route=\/wp\/v2\/users\/1"}],"replies":[{"embeddable":true,"href":"https:\/\/leonardcohen.de\/index.php?rest_route=%2Fwp%2Fv2%2Fcomments&post=26950"}],"version-history":[{"count":5,"href":"https:\/\/leonardcohen.de\/index.php?rest_route=\/wp\/v2\/posts\/26950\/revisions"}],"predecessor-version":[{"id":26958,"href":"https:\/\/leonardcohen.de\/index.php?rest_route=\/wp\/v2\/posts\/26950\/revisions\/26958"}],"wp:featuredmedia":[{"embeddable":true,"href":"https:\/\/leonardcohen.de\/index.php?rest_route=\/wp\/v2\/media\/26955"}],"wp:attachment":[{"href":"https:\/\/leonardcohen.de\/index.php?rest_route=%2Fwp%2Fv2%2Fmedia&parent=26950"}],"wp:term":[{"taxonomy":"category","embeddable":true,"href":"https:\/\/leonardcohen.de\/index.php?rest_route=%2Fwp%2Fv2%2Fcategories&post=26950"},{"taxonomy":"post_tag","embeddable":true,"href":"https:\/\/leonardcohen.de\/index.php?rest_route=%2Fwp%2Fv2%2Ftags&post=26950"}],"curies":[{"name":"wp","href":"https:\/\/api.w.org\/{rel}","templated":true}]}}