{"id":28641,"date":"2023-10-24T22:39:22","date_gmt":"2023-10-24T20:39:22","guid":{"rendered":"http:\/\/blog.leonardcohen.de\/?p=28641"},"modified":"2023-10-24T22:50:16","modified_gmt":"2023-10-24T20:50:16","slug":"kw-43-2023-autoren-im-gespraech-christof-graf-im-gespraech-mit-dem-autorenpaar-das-einen-fiktiven-roman-ueber-die-liebesgeschichte-zwischen-leonard-cohen-und-marianne-ihlen-geschrieben-hat","status":"publish","type":"post","link":"https:\/\/leonardcohen.de\/?p=28641","title":{"rendered":"KW-43-2023: seltenes Telefonat &#8230; mit Toni Iommi, dem Gr\u00fcnder von Black Sabbath &#8230;."},"content":{"rendered":"<p style=\"text-align: center;\">Montag, 23. Oktober, 11.00 UK, 12 CET: Ich rufe Toni Iommi f\u00fcr ein Interview an&#8230;.<\/p>\n<p style=\"text-align: center;\">mein letztes Gespr\u00e4ch mit dem Black Sabbath-Gr\u00fcnder und Gitarristen lag 24 jahre zur\u00fcck<\/p>\n<p><a href=\"http:\/\/blog.leonardcohen.de\/wp-content\/uploads\/2023\/10\/toni-iommi-und-christofgraf.jpg\"><img loading=\"lazy\" decoding=\"async\" class=\"aligncenter size-thumbnail wp-image-28660\" src=\"http:\/\/blog.leonardcohen.de\/wp-content\/uploads\/2023\/10\/toni-iommi-und-christofgraf-150x150.jpg\" alt=\"\" width=\"150\" height=\"150\" \/><\/a><\/p>\n","protected":false},"excerpt":{"rendered":"<p>Montag, 23. Oktober, 11.00 UK, 12 CET: Ich rufe Toni Iommi f\u00fcr ein Interview an&#8230;. mein letztes Gespr\u00e4ch mit dem Black Sabbath-Gr\u00fcnder und Gitarristen lag 24 jahre zur\u00fcck<\/p>\n","protected":false},"author":1,"featured_media":0,"comment_status":"closed","ping_status":"open","sticky":false,"template":"","format":"standard","meta":{"footnotes":""},"categories":[1],"tags":[],"class_list":["post-28641","post","type-post","status-publish","format-standard","hentry","category-allgemein"],"_links":{"self":[{"href":"https:\/\/leonardcohen.de\/index.php?rest_route=\/wp\/v2\/posts\/28641","targetHints":{"allow":["GET"]}}],"collection":[{"href":"https:\/\/leonardcohen.de\/index.php?rest_route=\/wp\/v2\/posts"}],"about":[{"href":"https:\/\/leonardcohen.de\/index.php?rest_route=\/wp\/v2\/types\/post"}],"author":[{"embeddable":true,"href":"https:\/\/leonardcohen.de\/index.php?rest_route=\/wp\/v2\/users\/1"}],"replies":[{"embeddable":true,"href":"https:\/\/leonardcohen.de\/index.php?rest_route=%2Fwp%2Fv2%2Fcomments&post=28641"}],"version-history":[{"count":7,"href":"https:\/\/leonardcohen.de\/index.php?rest_route=\/wp\/v2\/posts\/28641\/revisions"}],"predecessor-version":[{"id":28662,"href":"https:\/\/leonardcohen.de\/index.php?rest_route=\/wp\/v2\/posts\/28641\/revisions\/28662"}],"wp:attachment":[{"href":"https:\/\/leonardcohen.de\/index.php?rest_route=%2Fwp%2Fv2%2Fmedia&parent=28641"}],"wp:term":[{"taxonomy":"category","embeddable":true,"href":"https:\/\/leonardcohen.de\/index.php?rest_route=%2Fwp%2Fv2%2Fcategories&post=28641"},{"taxonomy":"post_tag","embeddable":true,"href":"https:\/\/leonardcohen.de\/index.php?rest_route=%2Fwp%2Fv2%2Ftags&post=28641"}],"curies":[{"name":"wp","href":"https:\/\/api.w.org\/{rel}","templated":true}]}}