{"id":29487,"date":"2024-03-26T23:23:39","date_gmt":"2024-03-26T21:23:39","guid":{"rendered":"http:\/\/blog.leonardcohen.de\/?p=29487"},"modified":"2024-03-28T11:50:46","modified_gmt":"2024-03-28T09:50:46","slug":"kw-13-2024-welch-ein-fest-5-stunden-metal-rock-mit-saxon-uriah-heep-und-judas-priest-2","status":"publish","type":"post","link":"https:\/\/leonardcohen.de\/?p=29487","title":{"rendered":"KW-13-2024: &#8230; welch ein Fest &#8211; Fortsetzung folgt: PRETTY RECKLESS treten als Special Guest bei den AC\/DC &#8211; Open Air-Konzerten auf"},"content":{"rendered":"<p style=\"text-align: center;\">photo: christof graf<\/p>\n<p class=\"yiv0293311066MsoNoSpacing\"><b><span lang=\"EN-GB\">THE PRETTY RECKLESS als Support best\u00e4tigt!<\/span><\/b><\/p>\n<p class=\"yiv0293311066MsoNoSpacing\"><b><span lang=\"EN-GB\"> \u00a0<\/span><\/b><b><span lang=\"EN-GB\">Tickets auf <\/span><\/b><a href=\"http:\/\/www.eventim.de\" target=\"_blank\" rel=\"nofollow noopener noreferrer\"><b><span lang=\"EN-GB\">www.eventim.de<\/span><\/b><\/a><b><span lang=\"EN-GB\">!<\/span><\/b><\/p>\n<p class=\"yiv0293311066MsoNoSpacing\"><b><span lang=\"EN-GB\"> \u00a0<\/span><\/b><b>Live in Deutschland: Gelsenkirchen, M\u00fcnchen, Dresden, Hockenheimring, Stuttgart, N\u00fcrnberg &amp; Hannover<\/b><\/p>\n<p class=\"yiv0293311066MsoNormal\">Diese Nachricht d\u00fcrfte die Vorfreude auf die bald startende <b>\u201ePOWER UP\u201c<\/b>-Europatournee von <b>AC\/DC<\/b> noch weiter steigern: Die amerikanische Erfolgsrockband <b>THE PRETTY RECKLESS<\/b> ist als Support best\u00e4tigt und verspricht, hunderttausenden von Fans im Rahmen der elf <b>AC\/DC<\/b>-Deutschland-Shows geb\u00fchrend einzuheizen!<\/p>\n<p class=\"yiv0293311066MsoNormal\">2009 gegr\u00fcndet, hat die US-amerikanische Rockband um Model und Schauspielerin Taylor Momsen l\u00e4ngst ihre eigene Erfolgsgeschichte geschrieben: \u00dcber eine halbe Milliarde Streams, 2 Millionen verkaufte Alben und eine Nr 1-Platzierung des vierten und j\u00fcngsten Studioalbums \u201eDeath by Rock and Roll\u201c in 6 verschiedenen US-Chartlisten \u2013 das ist die mehr als ansehnliche Bilanz der New Yorker Alternative Rocker.<\/p>\n<p class=\"yiv0293311066MsoNormal\">Kein Wunder also, dass <b>THE PRETTY RECKLESS<\/b> nicht nur bei ihren Fans, sondern auch bei Musikerkollegen gefragt sind, erst im vergangenen Jahr tourten sie gemeinsam mit den FOO FIGHTERS!<\/p>\n<p class=\"yiv0293311066MsoNormal\">Nun hei\u00dft es gemeinsam mit <b>AC\/DC \u201ePOWER UP\u201c<\/b> f\u00fcr die Toursensation des Jahres 2024!<\/p>\n<p class=\"yiv0293311066MsoNormal\"><b>\u201ePOWER UP&#8220;<\/b> wird die erste <b>AC\/DC<\/b>-Europatournee seit acht Jahren sein und die legend\u00e4re Rock\u2019n\u2019Roll Band in einigen der gr\u00f6\u00dften Stadien des Kontinents auftreten lassen.<\/p>\n<p class=\"yiv0293311066MsoNormal\"><b>In Deutschland stehen Gelsenkirchen, M\u00fcnchen, Dresden, Hockenheimring, Stuttgart, N\u00fcrnberg und Hannover auf dem Tourplan! Die meisten Shows sind bereits ausverkauft, Resttickets sind auf <\/b><a href=\"http:\/\/www.eventim.de\" target=\"_blank\" rel=\"nofollow noopener noreferrer\"><b>www.eventim.de<\/b><\/a><b> sowie an offiziellen Vorverkaufsstellen erh\u00e4ltlich.<\/b><\/p>\n<p class=\"yiv0293311066MsoNormal\"><b> \u00a0<\/b><\/p>\n<p class=\"yiv0293311066MsoNormal\"><b>AC\/DC<\/b> spielten ihr allererstes Konzert am 31. Dezember 1973 im Chequers Nightclub in Sydney, Australien. Sie sind eine der einflussreichsten Rockbands der Geschichte und haben weltweit \u00fcber 200 Millionen Alben verkauft. Die LP &#8222;Back In Black&#8220; ist das &#8222;meistverkaufte Album einer Band aller Zeiten&#8220; und das &#8222;drittbestverkaufte Album eines K\u00fcnstlers&#8220; mit weltweit \u00fcber 50 Millionen verkauften Exemplaren, Tendenz steigend. AC\/DC wurde 2003 in die Rock and Roll Hall of Fame\u00ae und in die Music Victoria Awards Hall of Fame in ihrem Heimatland Australien aufgenommen. Die Band spielt nach wie vor in ausverkauften Stadien auf zahlreichen Kontinenten, verkauft j\u00e4hrlich Millionen von Alben und generiert Streams in Milliardenh\u00f6he.<\/p>\n<p class=\"yiv0293311066MsoNormal\">Zur Feier ihrer 50-j\u00e4hrigen Erfolgsgeschichte als gr\u00f6\u00dfte Rock&#8217;n&#8217;Roll-Band der Welt sind AC\/DC &#8211; Angus Young an der Leadgitarre, S\u00e4nger Brian Johnson, Rhythmusgitarrist Stevie Young, Schlagzeuger Matt Laug und ein neuer Bassist, der die Nachfolge von Cliff Williams antritt &#8211; zur\u00fcck, um f\u00fcr ihre treue und riesige Fangemeinde zu spielen, die von Jahr zu Jahr immer gr\u00f6\u00dfer wird.<\/p>\n<p class=\"yiv0293311066MsoNormal\"><b> \u00a0<\/b><\/p>\n<p class=\"yiv0293311066MsoNormal\"><b><span lang=\"EN-GB\">AC\/DC \u2013 POWER UP TOUR<\/span><\/b><b><\/b><\/p>\n<p class=\"yiv0293311066MsoNormal\"><b><span lang=\"EN-GB\">EUROPA 2024<\/span><\/b><\/p>\n<p class=\"yiv0293311066MsoNormal\"><b><span lang=\"EN-GB\">Support: THE PRETTY RECKLESS<\/span><\/b><\/p>\n<p class=\"yiv0293311066MsoNormal\"><b><span lang=\"EN-GB\"> \u00a0<\/span><\/b><\/p>\n<p class=\"yiv0293311066MsoNormal\"><b><span lang=\"EN-GB\">Live in Deutschland:<\/span><\/b><\/p>\n<p class=\"yiv0293311066MsoNoSpacing\"><b><span lang=\"EN-GB\"> \u00a0<\/span><\/b><b>17. &amp; 21. Mai 2024\u00a0\u00a0\u00a0\u00a0\u00a0\u00a0\u00a0\u00a0\u00a0\u00a0\u00a0\u00a0\u00a0\u00a0\u00a0\u00a0\u00a0\u00a0\u00a0\u00a0\u00a0\u00a0\u00a0\u00a0\u00a0\u00a0\u00a0\u00a0\u00a0\u00a0\u00a0\u00a0\u00a0\u00a0\u00a0\u00a0\u00a0\u00a0\u00a0 Gelsenkirchen &#8211; Veltins Arena<\/b><\/p>\n<p class=\"yiv0293311066MsoNormal\"><b> \u00a0<\/b><b>09. &amp; 12. Juni 2024\u00a0\u00a0\u00a0\u00a0\u00a0\u00a0\u00a0\u00a0\u00a0\u00a0\u00a0\u00a0\u00a0\u00a0\u00a0\u00a0\u00a0\u00a0\u00a0\u00a0\u00a0\u00a0\u00a0\u00a0\u00a0\u00a0\u00a0\u00a0\u00a0\u00a0\u00a0\u00a0\u00a0\u00a0\u00a0\u00a0\u00a0\u00a0\u00a0 M\u00fcnchen \u2013 Olympiastadion<\/b><\/p>\n<p class=\"yiv0293311066MsoNormal\"><b> \u00a0<\/b><b>16. Juni &amp; 19. Juni 2024\u00a0\u00a0\u00a0\u00a0\u00a0\u00a0\u00a0\u00a0\u00a0\u00a0\u00a0\u00a0\u00a0\u00a0\u00a0\u00a0\u00a0\u00a0\u00a0\u00a0\u00a0\u00a0\u00a0\u00a0\u00a0\u00a0\u00a0\u00a0\u00a0\u00a0\u00a0 Dresden \u2013 Rinne<\/b><\/p>\n<p class=\"yiv0293311066MsoNormal\"><b> \u00a0<\/b><b>13. Juli 2024\u00a0\u00a0\u00a0\u00a0\u00a0\u00a0\u00a0\u00a0\u00a0\u00a0\u00a0\u00a0\u00a0\u00a0\u00a0\u00a0\u00a0\u00a0\u00a0\u00a0\u00a0\u00a0\u00a0\u00a0\u00a0\u00a0\u00a0\u00a0\u00a0\u00a0\u00a0\u00a0\u00a0\u00a0\u00a0\u00a0\u00a0\u00a0\u00a0\u00a0\u00a0\u00a0\u00a0\u00a0\u00a0\u00a0\u00a0\u00a0\u00a0 Hockenheimring<\/b><\/p>\n<p class=\"yiv0293311066MsoNormal\"><b> \u00a0<\/b><b>17. Juli 2024\u00a0\u00a0\u00a0\u00a0\u00a0\u00a0\u00a0\u00a0\u00a0\u00a0\u00a0\u00a0\u00a0\u00a0\u00a0\u00a0\u00a0\u00a0\u00a0\u00a0\u00a0\u00a0\u00a0\u00a0\u00a0\u00a0\u00a0\u00a0\u00a0\u00a0\u00a0\u00a0\u00a0\u00a0\u00a0\u00a0\u00a0\u00a0\u00a0\u00a0\u00a0\u00a0\u00a0\u00a0\u00a0\u00a0\u00a0\u00a0\u00a0 Stuttgart \u2013 Wasen<\/b><\/p>\n<p class=\"yiv0293311066MsoNormal\"><b> \u00a0<\/b><b>27. Juli 2024\u00a0\u00a0\u00a0\u00a0\u00a0\u00a0\u00a0\u00a0\u00a0\u00a0\u00a0\u00a0\u00a0\u00a0\u00a0\u00a0\u00a0\u00a0\u00a0\u00a0\u00a0\u00a0\u00a0\u00a0\u00a0\u00a0\u00a0\u00a0\u00a0\u00a0\u00a0\u00a0\u00a0\u00a0\u00a0\u00a0\u00a0\u00a0\u00a0\u00a0\u00a0\u00a0\u00a0\u00a0\u00a0\u00a0\u00a0\u00a0\u00a0 N\u00fcrnberg \u2013 Zeppelinfeld<\/b><\/p>\n<p class=\"yiv0293311066MsoNormal\"><b> \u00a0<\/b><b>31. Juli &amp; 04. August 2024\u00a0\u00a0\u00a0\u00a0\u00a0\u00a0\u00a0\u00a0\u00a0\u00a0\u00a0\u00a0\u00a0\u00a0\u00a0\u00a0\u00a0\u00a0\u00a0\u00a0\u00a0\u00a0\u00a0\u00a0\u00a0\u00a0\u00a0 Hannover \u2013 Messe<\/b><\/p>\n<p class=\"yiv0293311066MsoNormal\"><a href=\"http:\/\/www.eventim.de\" target=\"_blank\" rel=\"nofollow noopener noreferrer\">www.eventim.de<\/a><\/p>\n<p class=\"yiv0293311066MsoNormal\"><b>Weitere Links:<\/b><\/p>\n<p class=\"yiv0293311066MsoNormal\"><b> \u00a0<\/b><a href=\"https:\/\/www.acdc.com\" target=\"_blank\" rel=\"nofollow noopener noreferrer\">https:\/\/www.acdc.com<\/a><\/p>\n<p class=\"yiv0293311066MsoNormal\"><a href=\"https:\/\/facebook.com\/acdc\/\" target=\"_blank\" rel=\"nofollow noopener noreferrer\">https:\/\/facebook.com\/acdc\/<\/a><\/p>\n<p class=\"yiv0293311066MsoNormal\"><a href=\"https:\/\/instagram.com\/acdc\/\" target=\"_blank\" rel=\"nofollow noopener noreferrer\">https:\/\/instagram.com\/acdc\/<\/a><\/p>\n<p class=\"yiv0293311066MsoNormal\"><a href=\"https:\/\/theprettyreckless.com\/\" target=\"_blank\" rel=\"nofollow noopener noreferrer\">https:\/\/theprettyreckless.com\/<\/a><\/p>\n<p class=\"yiv0293311066MsoNormal\"><a href=\"https:\/\/www.facebook.com\/theprettyreckless\/\" target=\"_blank\" rel=\"nofollow noopener noreferrer\">https:\/\/www.facebook.com\/theprettyreckless\/<\/a><\/p>\n<p class=\"yiv0293311066MsoNormal\"><a href=\"https:\/\/www.instagram.com\/theprettyreckless\/\" target=\"_blank\" rel=\"nofollow noopener noreferrer\">ttps:\/\/www.instagram.com\/theprettyreckless\/<\/a><\/p>\n","protected":false},"excerpt":{"rendered":"<p>photo: christof graf THE PRETTY RECKLESS als Support best\u00e4tigt! \u00a0Tickets auf www.eventim.de! \u00a0Live in Deutschland: Gelsenkirchen, M\u00fcnchen, Dresden, Hockenheimring, Stuttgart, N\u00fcrnberg &amp; Hannover Diese Nachricht d\u00fcrfte die Vorfreude auf die bald startende \u201ePOWER UP\u201c-Europatournee von AC\/DC noch weiter steigern: Die amerikanische Erfolgsrockband THE PRETTY RECKLESS ist als Support best\u00e4tigt und verspricht, hunderttausenden von Fans im [&hellip;]<\/p>\n","protected":false},"author":1,"featured_media":29556,"comment_status":"closed","ping_status":"open","sticky":false,"template":"","format":"standard","meta":{"footnotes":""},"categories":[1],"tags":[],"class_list":["post-29487","post","type-post","status-publish","format-standard","has-post-thumbnail","hentry","category-allgemein"],"_links":{"self":[{"href":"https:\/\/leonardcohen.de\/index.php?rest_route=\/wp\/v2\/posts\/29487","targetHints":{"allow":["GET"]}}],"collection":[{"href":"https:\/\/leonardcohen.de\/index.php?rest_route=\/wp\/v2\/posts"}],"about":[{"href":"https:\/\/leonardcohen.de\/index.php?rest_route=\/wp\/v2\/types\/post"}],"author":[{"embeddable":true,"href":"https:\/\/leonardcohen.de\/index.php?rest_route=\/wp\/v2\/users\/1"}],"replies":[{"embeddable":true,"href":"https:\/\/leonardcohen.de\/index.php?rest_route=%2Fwp%2Fv2%2Fcomments&post=29487"}],"version-history":[{"count":4,"href":"https:\/\/leonardcohen.de\/index.php?rest_route=\/wp\/v2\/posts\/29487\/revisions"}],"predecessor-version":[{"id":29557,"href":"https:\/\/leonardcohen.de\/index.php?rest_route=\/wp\/v2\/posts\/29487\/revisions\/29557"}],"wp:featuredmedia":[{"embeddable":true,"href":"https:\/\/leonardcohen.de\/index.php?rest_route=\/wp\/v2\/media\/29556"}],"wp:attachment":[{"href":"https:\/\/leonardcohen.de\/index.php?rest_route=%2Fwp%2Fv2%2Fmedia&parent=29487"}],"wp:term":[{"taxonomy":"category","embeddable":true,"href":"https:\/\/leonardcohen.de\/index.php?rest_route=%2Fwp%2Fv2%2Fcategories&post=29487"},{"taxonomy":"post_tag","embeddable":true,"href":"https:\/\/leonardcohen.de\/index.php?rest_route=%2Fwp%2Fv2%2Ftags&post=29487"}],"curies":[{"name":"wp","href":"https:\/\/api.w.org\/{rel}","templated":true}]}}