{"id":31642,"date":"2024-10-21T11:03:08","date_gmt":"2024-10-21T09:03:08","guid":{"rendered":"http:\/\/blog.leonardcohen.de\/?p=31642"},"modified":"2024-10-21T12:12:35","modified_gmt":"2024-10-21T10:12:35","slug":"kw-43-2024-76-buchmesse-2024-eine-bilanz","status":"publish","type":"post","link":"https:\/\/leonardcohen.de\/?p=31642","title":{"rendered":"KW-43-2024: 76. Buchmesse 2024 &#8211; Eine Bilanz"},"content":{"rendered":"<table style=\"height: 232px;\" role=\"presentation\" border=\"0\" width=\"539\" cellspacing=\"0\" cellpadding=\"0\">\n<tbody>\n<tr>\n<td class=\"yiv2343584558mMmaxELgVbdzF\" align=\"left\" width=\"100%\">\n<h5 style=\"text-align: center;\">Photos: Christof Graf<\/h5>\n<p><a href=\"http:\/\/blog.leonardcohen.de\/wp-content\/uploads\/2024\/10\/buchmesse-2024-by-christofgraf-2.jpg\"><img loading=\"lazy\" decoding=\"async\" class=\"aligncenter size-thumbnail wp-image-31655\" src=\"http:\/\/blog.leonardcohen.de\/wp-content\/uploads\/2024\/10\/buchmesse-2024-by-christofgraf-2-150x150.jpg\" alt=\"\" width=\"150\" height=\"150\" \/><\/a><\/p>\n<h1>76. Frankfurter Buchmesse zieht Bilanz: Der gr\u00f6\u00dfte internationale Branchentreff bleibt auf Wachstumskurs<\/h1>\n<p><a href=\"http:\/\/blog.leonardcohen.de\/wp-content\/uploads\/2024\/10\/buchmesse-2024-by-christofgraf-6.jpg\"><img loading=\"lazy\" decoding=\"async\" class=\"aligncenter size-thumbnail wp-image-31656\" src=\"http:\/\/blog.leonardcohen.de\/wp-content\/uploads\/2024\/10\/buchmesse-2024-by-christofgraf-6-150x150.jpg\" alt=\"\" width=\"150\" height=\"150\" \/><\/a><\/td>\n<\/tr>\n<\/tbody>\n<\/table>\n<table role=\"presentation\" border=\"0\" width=\"100%\" cellspacing=\"0\" cellpadding=\"0\">\n<tbody>\n<tr>\n<td class=\"yiv2343584558mXK3viMhKk8LJ\" align=\"left\" valign=\"top\" width=\"100%\" height=\"25\">\n<h2>230.000 Besucher*innen, mehr als 4.300 Aussteller, mehr als 3.300 Veranstaltungen und ein ausverkauftes Festival des Lesens \u2013 Direktor Juergen Boos: \u201eUnsere Internationalit\u00e4t stiftet Relevanz\u201d<\/h2>\n<\/td>\n<\/tr>\n<\/tbody>\n<\/table>\n<table role=\"presentation\" border=\"0\" width=\"100%\" cellspacing=\"0\" cellpadding=\"0\">\n<tbody>\n<tr>\n<td align=\"left\" valign=\"top\" width=\"100%\" height=\"20\"><a href=\"http:\/\/blog.leonardcohen.de\/wp-content\/uploads\/2024\/10\/buchmesse-2024-by-christofgraf-5.jpg\"><img loading=\"lazy\" decoding=\"async\" class=\"aligncenter size-thumbnail wp-image-31658\" src=\"http:\/\/blog.leonardcohen.de\/wp-content\/uploads\/2024\/10\/buchmesse-2024-by-christofgraf-5-150x150.jpg\" alt=\"\" width=\"150\" height=\"150\" \/><\/a> <a href=\"http:\/\/blog.leonardcohen.de\/wp-content\/uploads\/2024\/10\/buchmesse-2024-by-christofgraf-4.jpg\"><img loading=\"lazy\" decoding=\"async\" class=\"aligncenter size-thumbnail wp-image-31659\" src=\"http:\/\/blog.leonardcohen.de\/wp-content\/uploads\/2024\/10\/buchmesse-2024-by-christofgraf-4-150x150.jpg\" alt=\"\" width=\"150\" height=\"150\" \/><\/a> <a href=\"http:\/\/blog.leonardcohen.de\/wp-content\/uploads\/2024\/10\/buchmesse-2024-by-christofgraf-3.jpg\"><img loading=\"lazy\" decoding=\"async\" class=\"aligncenter size-thumbnail wp-image-31660\" src=\"http:\/\/blog.leonardcohen.de\/wp-content\/uploads\/2024\/10\/buchmesse-2024-by-christofgraf-3-150x150.jpg\" alt=\"\" width=\"150\" height=\"150\" \/><\/a><\/td>\n<\/tr>\n<\/tbody>\n<\/table>\n<table class=\"yiv2343584558m7d55ba91-c807-11ed-93e3-5535e3237ec9\" role=\"presentation\" border=\"0\" width=\"100%\" cellspacing=\"0\" cellpadding=\"0\">\n<tbody>\n<tr>\n<td class=\"yiv2343584558mvW3oJN3itf5t\" align=\"left\" width=\"100%\">Die am gestrigen Sonntag zu Ende gegangene 76. Frankfurter Buchmesse (16.-20. Oktober 2024) hat den Wachstumskurs der vergangenen Jahre fortgesetzt. Mit 115.000 Fachbesucher*innen (Vorjahr: 105.000) aus 153 L\u00e4ndern (Vorjahr: 130 L\u00e4nder) und 115.000 Privatbesucher*innen (Vorjahr: 110.000) legte sie sowohl als internationale Gesch\u00e4ftsmesse der Publishing- und Medienbranche wie auch als Festival des Lesens zu \u2013 und dies trotz limitierter Kartenkontingente f\u00fcr die beiden Wochenendtage.\u00a0Mehr als 4.300 Ausstellende (Vorjahr: 4.100) pr\u00e4sentierten sich in den Hallen. Das fr\u00fch ausgebuchte Literary Agents &amp; Scouts Centre (LitAg) sowie das ebenfalls stark nachgefragte Publishers Rights Centre (PRC) meldeten mit insgesamt 593 Tischen abermals eine Rekordbelegung. Mit Rechteh\u00e4ndler*innen aus insgesamt 355 Agenturen und Verlagen sowie mit 38.000 Eintritten waren die beiden Arbeitszentren f\u00fcr den internationalen Rechtehandel so frequentiert wie nie zuvor. Mehr als 7.500 Medienvertreter*innen (Vorjahr: 7.000) berichteten \u00fcber die gut 3.300 Veranstaltungen an den Fach- und Publikumstagen.<\/p>\n<p><a href=\"http:\/\/blog.leonardcohen.de\/wp-content\/uploads\/2024\/10\/buchmesse-2024-by-christofgraf-8.jpg\"><img loading=\"lazy\" decoding=\"async\" class=\"aligncenter size-thumbnail wp-image-31663\" src=\"http:\/\/blog.leonardcohen.de\/wp-content\/uploads\/2024\/10\/buchmesse-2024-by-christofgraf-8-150x150.jpg\" alt=\"\" width=\"150\" height=\"150\" \/><\/a><br \/>\n<b>Kollaboration und Kooperation werden wichtiger<\/b>Juergen Boos, Direktor der Frankfurter Buchmesse: \u201eInternationalit\u00e4t ist unser Markenzeichen. Sie stiftet die Relevanz, die wir in den gestiegenen Teilnehmerzahlen in allen Bereichen ablesen k\u00f6nnen. Die 76. Frankfurter Buchmesse war aus Sicht unserer Aussteller*innen und Fachbesucher*innen eine Handelsmesse mit starken Abschl\u00fcssen. Auch Kollaboration und Kooperation spielen eine zunehmend wichtige Rolle. Die Publishing-Branche geht gezielt auf ihre Nachbarn in den Kreativindustrien zu, umgekehrt gilt das Gleiche. Unser Gesch\u00e4ft im Bereich der genre\u00fcbergreifenden Adaptionen wird immer wichtiger, das gilt seit langem schon f\u00fcr das Interesse der Filmindustrie an der Frankfurter Buchmesse, und zunehmend gilt es auch f\u00fcr die Welt der Games.\u201d<br \/>\nDie Vorsteherin des B\u00f6rsenvereins des Deutschen Buchhandels, Karin Schmidt-Friderichs, unterstrich, wie wichtig die Lesebegeisterung eines vorwiegend jungen Publikums insgesamt f\u00fcr die Branche und f\u00fcr die Zukunft des Buches ist: \u201eDie Buchbranche blickt auf f\u00fcnf erfolgreiche Tage zur\u00fcck: Die Frankfurter Buchmesse hat sich erneut als die gro\u00dfe Plattform f\u00fcr den Austausch, die Vernetzung und f\u00fcr gute Gesch\u00e4fte erwiesen. Gleichzeitig war sie ein Fest der Ideen, der Debatten und neuen Perspektiven auf die Fragen der Zeit. Und wer sich die wachsende Lesebegeisterung bei jungen Menschen bisher nicht vorstellen konnte, erlebte sie auf der Messe eindrucksvoll: Zu sehen, wie Zigtausende B\u00fccherfans ihre Lieblingsb\u00fccher und -autor*innen feierten, weckt Lust auf die Zukunft des Buches.\u201c<br \/>\n<b>Kulturpolitisches Programm mit mehr als 80 Panels<br \/>\n<\/b> Unter dem Titel Frankfurt Calling fand ein kulturpolitisches Programm mit literarischen Perspektiven internationaler Sprecher*innen statt. Auf \u00fcber 80 Panels, Lesungen und Performances traf das Publikum im ikonischen Frankfurt Pavilion und an weiteren Orten unter anderem auf Roberto Saviano, Anne Applebaum, Yuval Noah Harari, Mai Thi Nguyen-Kim und Kohei Saito. Die Themen waren ebenso dringlich wie vielf\u00e4ltig, etwa der globale Trend zur Autokratisierung, die Kriege in der Ukraine und in Nahost, der Umgang mit Meinungs- und Versammlungsfreiheit und Black Feminism. Partner in der Programmgestaltung von Frankfurt Calling waren die Vereinten Nationen, Amnesty International, Memorial, PEN Berlin, CORRECTIV, taz, SZ, Bildungsst\u00e4tte Anne Frank u.v.m.<br \/>\n<b>Ehrengast Italien<br \/>\n<\/b> Mit mehr als 90 Autor*innen gab Italien, diesj\u00e4hriger Ehrengast der Frankfurter Buchmesse, Einblicke in die zeitgen\u00f6ssische italienische Verlagsproduktion. Die Veranstaltungen konzentrierten sich in dem von dem Architekten Stefano Boeri als Piazza gestalteten Ehrengast-Pavillon. Zum Auftritt der italienischen Ehreng\u00e4ste geh\u00f6rte au\u00dferdem ein umfangreiches Fachprogramm, das am italienischen Gemeinschaftsstand in Halle 5.0 stattfand. Dar\u00fcber hinaus gab es auf den Buchmesse-B\u00fchnen von italienischen Autor*innen und ihren deutschsprachigen Verlagen initiierte Veranstaltungen. Am Messesonntag endete der Ehrengast-Auftritt Italiens unter dem Motto \u201eVerwurzelt in der Zukunft\u201c mit der GastRollen-\u00dcbergabe an die Philippinen, den Ehrengast 2025, mit dem Motto \u201eFantasie beseelt die Luft\u201c.<br \/>\n<b>Zentrum Wort: B\u00fchne f\u00fcr Literatur &amp; \u00dcbersetzung<br \/>\n<\/b> Das neue Zentrum Wort in der Halle 4.1 etablierte sich als zentraler Treffpunkt f\u00fcr Gespr\u00e4che \u00fcber Gegenwartsliteratur und \u00dcbersetzung. Auf gro\u00dfer B\u00fchne und einem Networking-Areal kamen in mehr als 30 Veranstaltungen rund 80 Autor*innen und \u00dcbersetzer*innen zu Wort, darunter Roberto Saviano, Kulturstaatsministerin Claudia Roth und B\u00fcchner-Preistr\u00e4ger Oswald Egger. \u201eMit dem Zentrum Wort ist es gelungen, der Literatur und dem literarischen \u00dcbersetzen eine ad\u00e4quate B\u00fchne und damit die entsprechende Sichtbarkeit zu geben\u201c, so Lars Birken-Bertsch, der als Gesch\u00e4ftsf\u00fchrer des Deutschen Literaturfonds das Programm mitgestaltete.<br \/>\n<b>Internationaler Rechte- und Lizenzhandel<\/b>Treffpunkt f\u00fcr die internationale Rechte- und Lizenz-Community waren das Literary Agents &amp; Scouts Centre und das Publishers Rights Centre, die gemeinsam eine komplette Ebene in der Halle 6 belegten. Hier empfingen Rechte- und Lizenzprofis aus Agenturen und Verlagen im dichten Takt ihre internationalen Gesch\u00e4ftspartner*innen. \u201eEs ist ein tolles Gef\u00fchl, Teil einer Welt zu sein, in der uns Geschichten verbinden und in Zeiten internationaler Spannungen Erleichterung verschaffen\u201c, sagte Hayo Deinum von der niederl\u00e4ndischen Agentur Shared Stories. Deinum lobte die gro\u00dfe Diversit\u00e4t der in Frankfurt vertretenen L\u00e4nder, zu denen er Gesch\u00e4ftskontakte kn\u00fcpfen konnte.<\/p>\n<p><b> Bildung, Wissenschaft und Fachinformation<\/b><\/p>\n<p>Auf neuer Veranstaltungsb\u00fchne wurde in der Halle 4.0, der Heimat der internationalen Wissenschafts- und Bildungsverlage sowie der Publishing Partners, intensiv gearbeitet. Aussteller gestalteten ein gr\u00f6\u00dftenteils englischsprachiges Fachprogramm. Mit den beiden Mikro-Konferenzen, der Society of Scholarly Publishing und der Charleston Conference, r\u00fcckten die Bereiche internationale Wissenschaft und Bibliothekswesen in den Fokus. Am Wochenende zog das Campus Weekend mit dem Young Professionals Day ein j\u00fcngeres Publikum an. Themen, die die aktuelle deutsche Bildungsdebatte pr\u00e4gen, hatten ihre B\u00fchne im Forum Bildung der Halle 3.1. Viel Aufmerksamkeit bekamen Panels zu den Themen K\u00fcnstliche Intelligenz und digitaler Wandel in Schule und anderen Bildungseinrichtungen.<\/p>\n<p><b> Book-to-Screen<\/b><\/p>\n<p>Gro\u00dfe Resonanz fand der Book-to-Screen Day am Messefreitag mit deutlich mehr Anfragen und Akkreditierungen von Filmschaffenden als im Vorjahr. Um der wachsenden Nachfrage internationaler Produzent*innen nach Adaptionsstoffen gerecht zu werden und ihnen Orientierung zu bieten, bot die Frankfurter Buchmesse erstmals Rundg\u00e4nge an. An der ausgebuchten Book-to-Screen Masterclass nahmen knapp 100 Produzent*innen, Drehbuchautor*innen, Filmrechteverantwortliche und Vertreter*innen von Filmorganisationen aus aller Welt teil. Zu dem von der Frankfurter Buchmesse und der Berlinale organisierten Book-to-Screen Matchmaking fanden sich u.a. Netflix, Constantin Film (Deutschland), Globo (Brasilien) und Pragmatic Pictures (USA) ein.<br \/>\nEine \u00e4hnliche Entwicklung zeichnet sich f\u00fcr die Welt der Games ab, wo acht Games Studios ausstellten. Juergen Boos: \u201eDie Erwartungen an unser Games-Areal, das wir in Kooperation mit der Bologna Children\u2019s Book Fair zum ersten Mal angeboten haben, wurden voll erf\u00fcllt. Unter dem Motto \u2018A book is a film is a game!\u2019 treiben wir unser Gesch\u00e4ft der genre\u00fcbergreifenden Adaptionen weiter voran.\u201d<\/p>\n<p><b> New Adult \u2013 das Festival des Lesens<\/b><\/p>\n<p>Mit \u00fcberragendem Interesse der Community feierte das neu angebotene Areal f\u00fcr das New Adult-Segment seine Premiere auf der Frankfurter Buchmesse. Um dem Anspruch der Besucher*innen nach einem sicheren Aufenthalt in der Halle gerecht zu werden, waren die Ticketkontingente f\u00fcr das Wochenende limitiert worden. Gleichwohl bildeten sich auf dem Freigel\u00e4nde der Agora am Samstag und Sonntag Schlangen von Tausenden Fans, die im ebenfalls neu eingerichteten Meet-the-Author-Areal f\u00fcr ein Autogramm und ein Selfie mit den von ihnen bewunderten Autor*innen anstanden. 87 Autor*innen absolvierten von Freitag bis Sonntag an f\u00fcnf Tischen insgesamt 86 Signierstunden.<\/p>\n<p>Die Bilanz der Aussteller in der Halle 1.2 f\u00e4llt durchweg positiv aus. Zwei Stimmen als Beispiel f\u00fcr viele: \u201eWir sind sehr happy und \u00fcberw\u00e4ltigt\u201d, sagt Maria Maibohm, Gesch\u00e4ftsf\u00fchrerin der Buchhandlung Graff in Braunschweig, die erstmals einen Stand auf der Frankfurter Buchmesse hatte. Und Astrid Ohletz, Gr\u00fcnderin des Ylva Verlags, freut sich: \u201eWir haben so viele gute Gespr\u00e4che mit den Besucherinnen, weil wir mehr Raum haben. Es hat meine Erwartungen absolut \u00fcbertroffen.\u201d Ohletz erg\u00e4nzt: \u201eHier sind die Leser*innen, die uns suchen, ohne zu wissen, dass es uns gibt.\u201d<\/p>\n<p><a href=\"http:\/\/blog.leonardcohen.de\/wp-content\/uploads\/2024\/10\/buchmesse-2024-by-christofgraf-1.jpg\"><img loading=\"lazy\" decoding=\"async\" class=\"aligncenter size-thumbnail wp-image-31661\" src=\"http:\/\/blog.leonardcohen.de\/wp-content\/uploads\/2024\/10\/buchmesse-2024-by-christofgraf-1-150x150.jpg\" alt=\"\" width=\"150\" height=\"150\" \/><\/a><\/td>\n<\/tr>\n<\/tbody>\n<\/table>\n","protected":false},"excerpt":{"rendered":"<p>Photos: Christof Graf 76. Frankfurter Buchmesse zieht Bilanz: Der gr\u00f6\u00dfte internationale Branchentreff bleibt auf Wachstumskurs 230.000 Besucher*innen, mehr als 4.300 Aussteller, mehr als 3.300 Veranstaltungen und ein ausverkauftes Festival des Lesens \u2013 Direktor Juergen Boos: \u201eUnsere Internationalit\u00e4t stiftet Relevanz\u201d Die am gestrigen Sonntag zu Ende gegangene 76. Frankfurter Buchmesse (16.-20. Oktober 2024) hat den Wachstumskurs [&hellip;]<\/p>\n","protected":false},"author":1,"featured_media":31654,"comment_status":"closed","ping_status":"open","sticky":false,"template":"","format":"standard","meta":{"footnotes":""},"categories":[1],"tags":[],"class_list":["post-31642","post","type-post","status-publish","format-standard","has-post-thumbnail","hentry","category-allgemein"],"_links":{"self":[{"href":"https:\/\/leonardcohen.de\/index.php?rest_route=\/wp\/v2\/posts\/31642","targetHints":{"allow":["GET"]}}],"collection":[{"href":"https:\/\/leonardcohen.de\/index.php?rest_route=\/wp\/v2\/posts"}],"about":[{"href":"https:\/\/leonardcohen.de\/index.php?rest_route=\/wp\/v2\/types\/post"}],"author":[{"embeddable":true,"href":"https:\/\/leonardcohen.de\/index.php?rest_route=\/wp\/v2\/users\/1"}],"replies":[{"embeddable":true,"href":"https:\/\/leonardcohen.de\/index.php?rest_route=%2Fwp%2Fv2%2Fcomments&post=31642"}],"version-history":[{"count":5,"href":"https:\/\/leonardcohen.de\/index.php?rest_route=\/wp\/v2\/posts\/31642\/revisions"}],"predecessor-version":[{"id":31664,"href":"https:\/\/leonardcohen.de\/index.php?rest_route=\/wp\/v2\/posts\/31642\/revisions\/31664"}],"wp:featuredmedia":[{"embeddable":true,"href":"https:\/\/leonardcohen.de\/index.php?rest_route=\/wp\/v2\/media\/31654"}],"wp:attachment":[{"href":"https:\/\/leonardcohen.de\/index.php?rest_route=%2Fwp%2Fv2%2Fmedia&parent=31642"}],"wp:term":[{"taxonomy":"category","embeddable":true,"href":"https:\/\/leonardcohen.de\/index.php?rest_route=%2Fwp%2Fv2%2Fcategories&post=31642"},{"taxonomy":"post_tag","embeddable":true,"href":"https:\/\/leonardcohen.de\/index.php?rest_route=%2Fwp%2Fv2%2Ftags&post=31642"}],"curies":[{"name":"wp","href":"https:\/\/api.w.org\/{rel}","templated":true}]}}