{"id":3227,"date":"2016-05-30T23:29:51","date_gmt":"2016-05-30T21:29:51","guid":{"rendered":"http:\/\/blog.leonardcohen.de\/?p=3227"},"modified":"2016-05-30T23:45:23","modified_gmt":"2016-05-30T21:45:23","slug":"kw-21-2016-und-auch-joan-baez-wurde-wie-bekannt-im-januar-2016-75-jahre-alt-naechste-wiche-erscheint-das-album-zum-live-concert-anlaesslich-ihres-geburtstages","status":"publish","type":"post","link":"https:\/\/leonardcohen.de\/?p=3227","title":{"rendered":"KW-21-2016: &#8230;und auch Joan Baez wurde &#8211; wie bekannt im Januar 2016 &#8211; 75 Jahre alt. N\u00e4chste Wiche erscheint das Album zum Live-Concert anl\u00e4sslich Ihres Geburtstages."},"content":{"rendered":"<p><a href=\"http:\/\/blog.leonardcohen.de\/wp-content\/uploads\/2016\/05\/baez-joan-75.jpg\"><img loading=\"lazy\" decoding=\"async\" class=\"size-medium wp-image-3240 aligncenter\" src=\"http:\/\/blog.leonardcohen.de\/wp-content\/uploads\/2016\/05\/baez-joan-75-300x300.jpg\" alt=\"baez-joan-75\" width=\"300\" height=\"300\" srcset=\"https:\/\/leonardcohen.de\/wp-content\/uploads\/2016\/05\/baez-joan-75-300x300.jpg 300w, https:\/\/leonardcohen.de\/wp-content\/uploads\/2016\/05\/baez-joan-75-150x150.jpg 150w, https:\/\/leonardcohen.de\/wp-content\/uploads\/2016\/05\/baez-joan-75-1024x1024.jpg 1024w, https:\/\/leonardcohen.de\/wp-content\/uploads\/2016\/05\/baez-joan-75-624x624.jpg 624w, https:\/\/leonardcohen.de\/wp-content\/uploads\/2016\/05\/baez-joan-75.jpg 1200w\" sizes=\"auto, (max-width: 300px) 100vw, 300px\" \/><\/a><\/p>\n<p><strong>Folk-S\u00e4ngerin, B\u00fcrgerrechtlerin, Pazifistin sowie Stimme und Gewissen ihrer Generation.<\/strong><\/p>\n<p>Im Januar 2016 feierte Joan Baez im Beacon Theater in New York ihren 75. Geburtstag mit Solo-Auftritten und All-Star-Duetten mit David Bromberg, Jackson Browne, Mary Chapin Carpenter, Judy Collins, David Crosby, Emmylou Harris, Indigo Girls, Damien Rice, Paul Simon, Mavis Staples, Nano Stern und Richard Thompson.<\/p>\n<p>Ihr Auftritt, ummantelt von einer Stimme, welche eine beruhigende und solidarische St\u00e4rke ausstrahlt, war so warm und ausdrucksstark wie jeher. Mit ihrer Ausstrahlung, charakteristischen m\u00fctterlichen Art und unbeschwerter Stimmung pr\u00e4sentierte sie sich mit dem Einf\u00fchlungsverm\u00f6gen von jemand, an die man sich in Zeiten der Not wenden k\u00f6nnte. Sie sah fantastisch aus: gepflegt und fit, mit kurzen silbernen Haaren und einem wunderbaren L\u00e4cheln.<\/p>\n<p>Joan Baez ist und bleibt eine Ikone des sechziger Jahre Folk-Revivals, eine der Leitfiguren der Bewegung und zeitlebens eine Meisterin der Sprache des Volkes in der Musik. Trotz der gro\u00dfartigen Ambientes und der G\u00e4steliste war es ein Folk-Konzert durch und durch, spontanem Mitgesang der Zuschauer, improvisierten Texten und keiner einzigen E-Gitarre.<\/p>\n<p>&nbsp;<\/p>\n","protected":false},"excerpt":{"rendered":"<p>Folk-S\u00e4ngerin, B\u00fcrgerrechtlerin, Pazifistin sowie Stimme und Gewissen ihrer Generation. Im Januar 2016 feierte Joan Baez im Beacon Theater in New York ihren 75. Geburtstag mit Solo-Auftritten und All-Star-Duetten mit David Bromberg, Jackson Browne, Mary Chapin Carpenter, Judy Collins, David Crosby, Emmylou Harris, Indigo Girls, Damien Rice, Paul Simon, Mavis Staples, Nano Stern und Richard Thompson. [&hellip;]<\/p>\n","protected":false},"author":1,"featured_media":0,"comment_status":"open","ping_status":"open","sticky":false,"template":"","format":"standard","meta":{"footnotes":""},"categories":[1],"tags":[],"class_list":["post-3227","post","type-post","status-publish","format-standard","hentry","category-allgemein"],"_links":{"self":[{"href":"https:\/\/leonardcohen.de\/index.php?rest_route=\/wp\/v2\/posts\/3227","targetHints":{"allow":["GET"]}}],"collection":[{"href":"https:\/\/leonardcohen.de\/index.php?rest_route=\/wp\/v2\/posts"}],"about":[{"href":"https:\/\/leonardcohen.de\/index.php?rest_route=\/wp\/v2\/types\/post"}],"author":[{"embeddable":true,"href":"https:\/\/leonardcohen.de\/index.php?rest_route=\/wp\/v2\/users\/1"}],"replies":[{"embeddable":true,"href":"https:\/\/leonardcohen.de\/index.php?rest_route=%2Fwp%2Fv2%2Fcomments&post=3227"}],"version-history":[{"count":2,"href":"https:\/\/leonardcohen.de\/index.php?rest_route=\/wp\/v2\/posts\/3227\/revisions"}],"predecessor-version":[{"id":3241,"href":"https:\/\/leonardcohen.de\/index.php?rest_route=\/wp\/v2\/posts\/3227\/revisions\/3241"}],"wp:attachment":[{"href":"https:\/\/leonardcohen.de\/index.php?rest_route=%2Fwp%2Fv2%2Fmedia&parent=3227"}],"wp:term":[{"taxonomy":"category","embeddable":true,"href":"https:\/\/leonardcohen.de\/index.php?rest_route=%2Fwp%2Fv2%2Fcategories&post=3227"},{"taxonomy":"post_tag","embeddable":true,"href":"https:\/\/leonardcohen.de\/index.php?rest_route=%2Fwp%2Fv2%2Ftags&post=3227"}],"curies":[{"name":"wp","href":"https:\/\/api.w.org\/{rel}","templated":true}]}}