{"id":32393,"date":"2025-02-02T11:47:50","date_gmt":"2025-02-02T09:47:50","guid":{"rendered":"http:\/\/blog.leonardcohen.de\/?p=32393"},"modified":"2025-02-23T11:35:15","modified_gmt":"2025-02-23T09:35:15","slug":"kw-05-2025-r-i-p-marianne_faithful-die-kunst-sehnsuechte-nicht-zu-lebenm-die-wunderbare-marianne-faithful-ist-am-30-januar-2025-im-alter-von-78-jahren-gestorben-danke-fuer-zwei-interview","status":"publish","type":"post","link":"https:\/\/leonardcohen.de\/?p=32393","title":{"rendered":"KW-05-2025: UNIKULT &#8211; Eine St\u00fcck saarl\u00e4ndische Pop-Geschichte &#8211; (9\/9) &#8211; Am 2. Februar 2025 geht die Ausstellung im Saarbr\u00fccker Garelly-Haus zu Ende. Der Ausstellungskatalog ist nach wie vor f\u00fcr 24 Euro erh\u00e4ltlich."},"content":{"rendered":"<p style=\"text-align: center;\"><a href=\"https:\/\/www.uni-saarland.de\/aktuell\/unikult-ausstellung-35437.html\">https:\/\/www.uni-saarland.de\/aktuell\/unikult-ausstellung-35437.html<\/a><\/p>\n<p style=\"text-align: center;\"><a href=\"https:\/\/www.ardmediathek.de\/video\/Y3JpZDovL3NyLmRlL1NSSU5GT18xNDk3NDE\">https:\/\/www.ardmediathek.de\/video\/Y3JpZDovL3NyLmRlL1NSSU5GT18xNDk3NDE<\/a><\/p>\n<p style=\"text-align: center;\">fotos: Christof Graf<\/p>\n","protected":false},"excerpt":{"rendered":"<p>https:\/\/www.uni-saarland.de\/aktuell\/unikult-ausstellung-35437.html https:\/\/www.ardmediathek.de\/video\/Y3JpZDovL3NyLmRlL1NSSU5GT18xNDk3NDE fotos: Christof Graf<\/p>\n","protected":false},"author":1,"featured_media":32400,"comment_status":"closed","ping_status":"open","sticky":false,"template":"","format":"standard","meta":{"footnotes":""},"categories":[1],"tags":[],"class_list":["post-32393","post","type-post","status-publish","format-standard","has-post-thumbnail","hentry","category-allgemein"],"_links":{"self":[{"href":"https:\/\/leonardcohen.de\/index.php?rest_route=\/wp\/v2\/posts\/32393","targetHints":{"allow":["GET"]}}],"collection":[{"href":"https:\/\/leonardcohen.de\/index.php?rest_route=\/wp\/v2\/posts"}],"about":[{"href":"https:\/\/leonardcohen.de\/index.php?rest_route=\/wp\/v2\/types\/post"}],"author":[{"embeddable":true,"href":"https:\/\/leonardcohen.de\/index.php?rest_route=\/wp\/v2\/users\/1"}],"replies":[{"embeddable":true,"href":"https:\/\/leonardcohen.de\/index.php?rest_route=%2Fwp%2Fv2%2Fcomments&post=32393"}],"version-history":[{"count":9,"href":"https:\/\/leonardcohen.de\/index.php?rest_route=\/wp\/v2\/posts\/32393\/revisions"}],"predecessor-version":[{"id":32624,"href":"https:\/\/leonardcohen.de\/index.php?rest_route=\/wp\/v2\/posts\/32393\/revisions\/32624"}],"wp:featuredmedia":[{"embeddable":true,"href":"https:\/\/leonardcohen.de\/index.php?rest_route=\/wp\/v2\/media\/32400"}],"wp:attachment":[{"href":"https:\/\/leonardcohen.de\/index.php?rest_route=%2Fwp%2Fv2%2Fmedia&parent=32393"}],"wp:term":[{"taxonomy":"category","embeddable":true,"href":"https:\/\/leonardcohen.de\/index.php?rest_route=%2Fwp%2Fv2%2Fcategories&post=32393"},{"taxonomy":"post_tag","embeddable":true,"href":"https:\/\/leonardcohen.de\/index.php?rest_route=%2Fwp%2Fv2%2Ftags&post=32393"}],"curies":[{"name":"wp","href":"https:\/\/api.w.org\/{rel}","templated":true}]}}