{"id":5500,"date":"2017-03-18T17:58:01","date_gmt":"2017-03-18T15:58:01","guid":{"rendered":"http:\/\/blog.leonardcohen.de\/?p=5500"},"modified":"2017-03-18T18:44:25","modified_gmt":"2017-03-18T16:44:25","slug":"kw-11-2017-matthias-mantel-bb-promotion-in-leonard-cohenbook_of_memories-moments-of-memories-part-38-82-ein-aussergewoehnlicher-kuenstler-nett-bescheiden-professionell-ei","status":"publish","type":"post","link":"https:\/\/leonardcohen.de\/?p=5500","title":{"rendered":"KW-11-2017:  #JULIE CHRISTENSEN in : #Leonard Cohen#book_of_memories &#8211; Moments Of Memories. (part 44\/ 82) &#8211; &#8220; this pic is taken on HYDRA in 1988, I believe ..it `s from a BBC-Docu&#8230; &#8222;, sagt die langj\u00e4hrige Begleits\u00e4ngerin Leonard Cohens (1988 &#8211; 1993) \u00fcber ihr FACEBOOK-Foto im M\u00e4rz 2017. &#8211;  In 2017, now there are 21 years of German Website on Leonard Cohen `s Life &#038; Work:   www.leonardcohen.de   &#038;   blog.leonardcohen.de  &#038;   www.cohenpedia.de  ### www.cohenpedia.de celebrates a new section called: #book_of_memories"},"content":{"rendered":"<p><a href=\"http:\/\/blog.leonardcohen.de\/wp-content\/uploads\/2017\/03\/cohenpedia-headsite-in_MEMORY_OF_LEONARDCOHEN-JULIE_CHRISTENSEN.jpg\"><img loading=\"lazy\" decoding=\"async\" class=\"aligncenter size-thumbnail wp-image-5512\" src=\"http:\/\/blog.leonardcohen.de\/wp-content\/uploads\/2017\/03\/cohenpedia-headsite-in_MEMORY_OF_LEONARDCOHEN-JULIE_CHRISTENSEN-150x150.jpg\" alt=\"cohenpedia-headsite-in_MEMORY_OF_LEONARDCOHEN-JULIE_CHRISTENSEN\" width=\"150\" height=\"150\" \/><\/a><\/p>\n<p style=\"text-align: center;\">(photo : used by permission of Julie Christensen)<\/p>\n<p style=\"text-align: center;\">Im Februar 2017 nahm Julie Christensen, eine der beiden Backgrounds\u00e4ngerinnen w\u00e4hrend den Tournen 1988 und 1993 das Foto von sich zusammen mit Perla Batalla und Leonard Cohen in dessen Haus, aufgenommen 1988 f\u00fcr eine BBC-Dokumentation in ihr FACEBOOK-Profil auf.<\/p>\n<p style=\"text-align: center;\"><a href=\"http:\/\/cohenpedia.de\/little-german_julie_christensen-files-by-christof_graf\/\">http:\/\/cohenpedia.de\/little-german_julie_christensen-files-by-christof_graf\/<\/a><\/p>\n<p>&nbsp;<\/p>\n<p>&nbsp;<\/p>\n","protected":false},"excerpt":{"rendered":"<p>(photo : used by permission of Julie Christensen) Im Februar 2017 nahm Julie Christensen, eine der beiden Backgrounds\u00e4ngerinnen w\u00e4hrend den Tournen 1988 und 1993 das Foto von sich zusammen mit Perla Batalla und Leonard Cohen in dessen Haus, aufgenommen 1988 f\u00fcr eine BBC-Dokumentation in ihr FACEBOOK-Profil auf. http:\/\/cohenpedia.de\/little-german_julie_christensen-files-by-christof_graf\/ &nbsp; &nbsp;<\/p>\n","protected":false},"author":1,"featured_media":0,"comment_status":"open","ping_status":"open","sticky":false,"template":"","format":"standard","meta":{"footnotes":""},"categories":[1],"tags":[],"class_list":["post-5500","post","type-post","status-publish","format-standard","hentry","category-allgemein"],"_links":{"self":[{"href":"https:\/\/leonardcohen.de\/index.php?rest_route=\/wp\/v2\/posts\/5500","targetHints":{"allow":["GET"]}}],"collection":[{"href":"https:\/\/leonardcohen.de\/index.php?rest_route=\/wp\/v2\/posts"}],"about":[{"href":"https:\/\/leonardcohen.de\/index.php?rest_route=\/wp\/v2\/types\/post"}],"author":[{"embeddable":true,"href":"https:\/\/leonardcohen.de\/index.php?rest_route=\/wp\/v2\/users\/1"}],"replies":[{"embeddable":true,"href":"https:\/\/leonardcohen.de\/index.php?rest_route=%2Fwp%2Fv2%2Fcomments&post=5500"}],"version-history":[{"count":4,"href":"https:\/\/leonardcohen.de\/index.php?rest_route=\/wp\/v2\/posts\/5500\/revisions"}],"predecessor-version":[{"id":5519,"href":"https:\/\/leonardcohen.de\/index.php?rest_route=\/wp\/v2\/posts\/5500\/revisions\/5519"}],"wp:attachment":[{"href":"https:\/\/leonardcohen.de\/index.php?rest_route=%2Fwp%2Fv2%2Fmedia&parent=5500"}],"wp:term":[{"taxonomy":"category","embeddable":true,"href":"https:\/\/leonardcohen.de\/index.php?rest_route=%2Fwp%2Fv2%2Fcategories&post=5500"},{"taxonomy":"post_tag","embeddable":true,"href":"https:\/\/leonardcohen.de\/index.php?rest_route=%2Fwp%2Fv2%2Ftags&post=5500"}],"curies":[{"name":"wp","href":"https:\/\/api.w.org\/{rel}","templated":true}]}}