{"id":6253,"date":"2017-06-18T21:18:50","date_gmt":"2017-06-18T19:18:50","guid":{"rendered":"http:\/\/blog.leonardcohen.de\/?p=6253"},"modified":"2017-06-18T21:18:50","modified_gmt":"2017-06-18T19:18:50","slug":"kw-24-2017-16-juni-2017-helmut-kohl-ist-tot-ja-ich-weiss-politik-sollte-in-der-cohenpedia-de-kein-vordergruendiges-thema-sein-aber-unabhaengig-davon-wie-man-zu-helmut-kohl-steht-er-ist-und-wa","status":"publish","type":"post","link":"https:\/\/leonardcohen.de\/?p=6253","title":{"rendered":"KW-24-2017: 16. Juni 2017. Helmut Kohl ist tot. Ja, ich wei\u00df, Politik sollte in der cohenpedia.de kein vordergr\u00fcndiges Thema sein. Aber unabh\u00e4ngig davon, wie man zu Helmut Kohl steht, er ist und war der Kanzler der Wiedervereinigung. Eine Frage des Respektes also, und es machte Freude, dieses Foto aus meinem Archiv herauszusuchen."},"content":{"rendered":"<p><a href=\"http:\/\/blog.leonardcohen.de\/wp-content\/uploads\/2017\/06\/cohenpedia-archives-Helmut-KOHL_by-ChristofGraf-2017.jpg\"><img loading=\"lazy\" decoding=\"async\" class=\"aligncenter size-thumbnail wp-image-6255\" src=\"http:\/\/blog.leonardcohen.de\/wp-content\/uploads\/2017\/06\/cohenpedia-archives-Helmut-KOHL_by-ChristofGraf-2017-150x150.jpg\" alt=\"cohenpedia-archives-Helmut-KOHL_by-ChristofGraf-2017\" width=\"150\" height=\"150\" \/><\/a><\/p>\n","protected":false},"excerpt":{"rendered":"","protected":false},"author":1,"featured_media":0,"comment_status":"open","ping_status":"open","sticky":false,"template":"","format":"standard","meta":{"footnotes":""},"categories":[1],"tags":[],"class_list":["post-6253","post","type-post","status-publish","format-standard","hentry","category-allgemein"],"_links":{"self":[{"href":"https:\/\/leonardcohen.de\/index.php?rest_route=\/wp\/v2\/posts\/6253","targetHints":{"allow":["GET"]}}],"collection":[{"href":"https:\/\/leonardcohen.de\/index.php?rest_route=\/wp\/v2\/posts"}],"about":[{"href":"https:\/\/leonardcohen.de\/index.php?rest_route=\/wp\/v2\/types\/post"}],"author":[{"embeddable":true,"href":"https:\/\/leonardcohen.de\/index.php?rest_route=\/wp\/v2\/users\/1"}],"replies":[{"embeddable":true,"href":"https:\/\/leonardcohen.de\/index.php?rest_route=%2Fwp%2Fv2%2Fcomments&post=6253"}],"version-history":[{"count":2,"href":"https:\/\/leonardcohen.de\/index.php?rest_route=\/wp\/v2\/posts\/6253\/revisions"}],"predecessor-version":[{"id":6256,"href":"https:\/\/leonardcohen.de\/index.php?rest_route=\/wp\/v2\/posts\/6253\/revisions\/6256"}],"wp:attachment":[{"href":"https:\/\/leonardcohen.de\/index.php?rest_route=%2Fwp%2Fv2%2Fmedia&parent=6253"}],"wp:term":[{"taxonomy":"category","embeddable":true,"href":"https:\/\/leonardcohen.de\/index.php?rest_route=%2Fwp%2Fv2%2Fcategories&post=6253"},{"taxonomy":"post_tag","embeddable":true,"href":"https:\/\/leonardcohen.de\/index.php?rest_route=%2Fwp%2Fv2%2Ftags&post=6253"}],"curies":[{"name":"wp","href":"https:\/\/api.w.org\/{rel}","templated":true}]}}