{"id":6893,"date":"2017-10-17T14:48:43","date_gmt":"2017-10-17T12:48:43","guid":{"rendered":"http:\/\/blog.leonardcohen.de\/?p=6893"},"modified":"2017-10-17T19:49:08","modified_gmt":"2017-10-17T17:49:08","slug":"kw-42-2017-frankfurter-buchmesse-2017-rund-um-den-literaturbetrieb-part-iii-eine-abschliessende-bilanz","status":"publish","type":"post","link":"https:\/\/leonardcohen.de\/?p=6893","title":{"rendered":"KW-42-2017: #Frankfurter Buchmesse 2017: Rund um den Literaturbetrieb &#8230;part III &#8230; Eine abschlie\u00dfende Bilanz"},"content":{"rendered":"<p><a href=\"http:\/\/blog.leonardcohen.de\/wp-content\/uploads\/2017\/10\/buchmesse2017-by-christofgraf_cohenpedia4buch5b.jpg\"><img loading=\"lazy\" decoding=\"async\" class=\"aligncenter size-thumbnail wp-image-6895\" src=\"http:\/\/blog.leonardcohen.de\/wp-content\/uploads\/2017\/10\/buchmesse2017-by-christofgraf_cohenpedia4buch5b-150x150.jpg\" alt=\"buchmesse2017-by-christofgraf_cohenpedia4buch5b\" width=\"150\" height=\"150\" \/><\/a><\/p>\n<p><a href=\"http:\/\/blog.leonardcohen.de\/wp-content\/uploads\/2017\/10\/buchmesse2017-by-christofgraf_cohenpedia4buch6.jpg\"><img loading=\"lazy\" decoding=\"async\" class=\"aligncenter size-thumbnail wp-image-6897\" src=\"http:\/\/blog.leonardcohen.de\/wp-content\/uploads\/2017\/10\/buchmesse2017-by-christofgraf_cohenpedia4buch6-150x150.jpg\" alt=\"buchmesse2017-by-christofgraf_cohenpedia4buch6\" width=\"150\" height=\"150\" \/><\/a><\/p>\n<p><strong>DIGITAL WIE NIE &#8230;.<\/strong><\/p>\n<p>Mit einem Besucherplus von 6,5 Prozent am Messewochenende und einem leichten R\u00fcckgang von 0,2 Prozent an den Fachbesuchertagen ist die Frankfurter Buchmesse 2017 am heutigen Sonntag zu Ende gegangen. 286.425 Besucherinnen und Besucher kamen zur Frankfurter Buchmesse, das entspricht einem Zuwachs von 3 Prozent gegen\u00fcber dem Vorjahr. 7.300 Aussteller aus 102 L\u00e4ndern nahmen in diesem Jahr teil. Insgesamt fanden in der Messewoche rund 4.000 Veranstaltungen statt. Das Literary Agents &amp; Scouts Centre war mit 500 gebuchten Tischen, 788 Agenten und 321 Agenturen (davon 29 Neuaussteller) aus 30 L\u00e4ndern erneut ausgebucht.<\/p>\n<p><a href=\"http:\/\/blog.leonardcohen.de\/wp-content\/uploads\/2017\/10\/buchmesse2017-by-christofgraf_cohenpedia3.jpg\"><img loading=\"lazy\" decoding=\"async\" class=\"aligncenter size-thumbnail wp-image-6898\" src=\"http:\/\/blog.leonardcohen.de\/wp-content\/uploads\/2017\/10\/buchmesse2017-by-christofgraf_cohenpedia3-150x150.jpg\" alt=\"buchmesse2017-by-christofgraf_cohenpedia3\" width=\"150\" height=\"150\" \/><\/a><\/p>\n<p style=\"text-align: center;\">Fotos: Christof Graf<\/p>\n<p>Bei der Er\u00f6ffnung der Frankfurter Buchmesse durch die deutsche Bundeskanzlerin Angela Merkel und den franz\u00f6sischen Staatspr\u00e4sidenten Emmanuel Macron wurde ein starkes Zeichen f\u00fcr ein Europa der Kultur gesetzt. Zahlreiche Politiker, darunter die franz\u00f6sische Kulturministerin Fran\u00e7oise Nyssen, die Staatsministerin f\u00fcr Kultur und Medien Monika Gr\u00fctters, die Bundesministerin f\u00fcr Arbeit und Soziales Andrea Nahles, der SPD-Vorsitzende Martin Schulz und der Pr\u00e4sident der Europ\u00e4ischen Linken Gregor Gysi, besuchten die Frankfurter Buchmesse. \u00dcberschattet wurde die Buchmesse durch Konfrontationen zwischen rechten und linken Gruppierungen.<\/p>\n<p>\u201eAuf der Frankfurter Buchmesse kommen an f\u00fcnf Tagen mehr als 280.000 Besucherinnen und Besucher aus \u00fcber 150 L\u00e4ndern zusammen. Sie ist ein Ort, der von einer enormen Vielfalt an Meinungen lebt. Wir lehnen die politische Haltung und verlegerischen Aktivit\u00e4ten der Neuen Rechten entschieden ab. Dennoch sind wir als Veranstalter der gr\u00f6\u00dften internationalen Messe f\u00fcr B\u00fccher und Medien dem Grundrecht auf freie Meinungs\u00e4u\u00dferung verpflichtet. Konflikte bleiben hier nicht aus. In diesem Jahr wurden wir Zeugen von Handgreiflichkeiten, die von der Polizei aufgel\u00f6st wurden. Gewalt als Mittel der Auseinandersetzung verurteilen wir aufs Sch\u00e4rfste\u201c, sagte Juergen Boos, Direktor der Frankfurter Buchmesse.<\/p>\n<p>&#8222;Unsere Gesellschaft steht vor gro\u00dfen Fragen und Herausforderungen \u2013 das war auch auf der diesj\u00e4hrigen Buchmesse sp\u00fcrbar. Gerade jetzt sind Verlage und Buchhandlungen gefragt, um Debatten anzuregen, den Dialog und die politische Auseinandersetzung zu f\u00f6rdern. In den vergangenen Tagen hat sich die Buchbranche lebendig und vielf\u00e4ltig gezeigt und einen starken Appell f\u00fcr Meinungsfreiheit und Pluralismus, f\u00fcr eine offene und tolerante Gesellschaft von Frankfurt aus in die Welt gesendet\u201c, sagte Heinrich Riethm\u00fcller, Vorsteher des B\u00f6rsenvereins des Deutschen Buchhandels.<\/p>\n<p>Ein H\u00f6hepunkt der Frankfurter Buchmesse 2017 war der Ehrengastauftritt Frankreichs. \u201eFrancfort en Fran\u00e7ais\u201c war das wichtigste und gr\u00f6\u00dfte Kulturprojekt, das Frankreich jemals mit Partnern in Deutschland umgesetzt hat. Es beruhte auf der engen deutsch-franz\u00f6sischen Freundschaft und lebte von der Vision, gemeinsam ein Europa des Geistes, der Literatur und der Kultur zu schaffen. 180 franz\u00f6sischsprachige Autorinnen und Autoren trafen bei rund 350 Veranstaltungen auf der Frankfurter Buchmesse und in der Stadt ihre Leser. Tausende Besucherinnen und Besucher haben in den letzten Tagen den franz\u00f6sischen Pavillon mit seiner kunstvollen Holzkonstruktion besichtigt und mit Leben gef\u00fcllt.<\/p>\n<p>Dass die Frankfurter Buchmesse auch in diesem Jahr die weltweit gr\u00f6\u00dfte B\u00fchne f\u00fcr Literatur wurde, garantierten zahlreiche Veranstaltungen mit prominenten Autoren wie Margaret Atwood, Cecelia Ahern, Paula Hawkins, Nicholas Sparks, \u00c9douard Louis, Kerstin Gier, Le\u00efla Slimani, Daniel Kehlmann, Rafik Schami, Dr. Eckart von Hirschhausen, Bergsteiger-Held Reinhold Messner, Ilija Trojanow, Thriller-Autoren Dan Brown, Ken Follett und Sebastian Fitzek, Bestseller-Philosoph Dr. Richard David Precht sowie Teenager-Star Lukas Rieger u.v.a. Abends fanden in ausgew\u00e4hlten Bars und Clubs im Rahmen des BOOKFEST Slams, Lesungen, Networking-Events und Partys statt.<\/p>\n<p>THE ARTS+, das Business Festival der Frankfurter Buchmesse, wurde in diesem Jahr erfolgreich weiterentwickelt. Auf 3.000 Quadratmetern zeigten 54 Aussteller und 31 weitere Partner innovative Projekte und Dienstleistungen \u2013 120 Sprecher pr\u00e4sentierten ihre Vision f\u00fcr die Zukunft des Kreativsektors. Zu den bekanntesten Sprechern z\u00e4hlten der Volksb\u00fchne-Intendant Chris Dercon, der Leiter des ZKM | Zentrum f\u00fcr Kunst und Medien Karlsruhe Peter Weibel, Astrid Welter von der Fondazione Prada, CEO und Founder von Arago Chris Boos, Artifical-Intelligence-Experte Dr. Ahmed Elgammal sowie Googles Caroline Atkinson, Wirtschaftsexpertin und ehemalige Beraterin im Kabinett Barack Obamas (hier zum Soundfile: https:\/\/soundcloud.com\/detektorfm-wort\/caroline-atkinson-the-economic-impact-of-culture-and-creativity-in-the-future). K\u00fcnstler wie John Craig Freeman und Jeremy Bailey und Kreative wie Diane Drubay von \u201eWe are Museums\u201c rundeten das Programm ab.<\/p>\n","protected":false},"excerpt":{"rendered":"<p>DIGITAL WIE NIE &#8230;. Mit einem Besucherplus von 6,5 Prozent am Messewochenende und einem leichten R\u00fcckgang von 0,2 Prozent an den Fachbesuchertagen ist die Frankfurter Buchmesse 2017 am heutigen Sonntag zu Ende gegangen. 286.425 Besucherinnen und Besucher kamen zur Frankfurter Buchmesse, das entspricht einem Zuwachs von 3 Prozent gegen\u00fcber dem Vorjahr. 7.300 Aussteller aus 102 [&hellip;]<\/p>\n","protected":false},"author":1,"featured_media":6895,"comment_status":"open","ping_status":"open","sticky":false,"template":"","format":"standard","meta":{"footnotes":""},"categories":[1],"tags":[],"class_list":["post-6893","post","type-post","status-publish","format-standard","has-post-thumbnail","hentry","category-allgemein"],"_links":{"self":[{"href":"https:\/\/leonardcohen.de\/index.php?rest_route=\/wp\/v2\/posts\/6893","targetHints":{"allow":["GET"]}}],"collection":[{"href":"https:\/\/leonardcohen.de\/index.php?rest_route=\/wp\/v2\/posts"}],"about":[{"href":"https:\/\/leonardcohen.de\/index.php?rest_route=\/wp\/v2\/types\/post"}],"author":[{"embeddable":true,"href":"https:\/\/leonardcohen.de\/index.php?rest_route=\/wp\/v2\/users\/1"}],"replies":[{"embeddable":true,"href":"https:\/\/leonardcohen.de\/index.php?rest_route=%2Fwp%2Fv2%2Fcomments&post=6893"}],"version-history":[{"count":4,"href":"https:\/\/leonardcohen.de\/index.php?rest_route=\/wp\/v2\/posts\/6893\/revisions"}],"predecessor-version":[{"id":6910,"href":"https:\/\/leonardcohen.de\/index.php?rest_route=\/wp\/v2\/posts\/6893\/revisions\/6910"}],"wp:featuredmedia":[{"embeddable":true,"href":"https:\/\/leonardcohen.de\/index.php?rest_route=\/wp\/v2\/media\/6895"}],"wp:attachment":[{"href":"https:\/\/leonardcohen.de\/index.php?rest_route=%2Fwp%2Fv2%2Fmedia&parent=6893"}],"wp:term":[{"taxonomy":"category","embeddable":true,"href":"https:\/\/leonardcohen.de\/index.php?rest_route=%2Fwp%2Fv2%2Fcategories&post=6893"},{"taxonomy":"post_tag","embeddable":true,"href":"https:\/\/leonardcohen.de\/index.php?rest_route=%2Fwp%2Fv2%2Ftags&post=6893"}],"curies":[{"name":"wp","href":"https:\/\/api.w.org\/{rel}","templated":true}]}}