{"id":7021,"date":"2017-10-28T21:12:27","date_gmt":"2017-10-28T19:12:27","guid":{"rendered":"http:\/\/blog.leonardcohen.de\/?p=7021"},"modified":"2017-10-29T17:10:24","modified_gmt":"2017-10-29T15:10:24","slug":"kw-43-2017-leonard-cohens-musical-director-friend-bassplayer-the-fabulous-mr-roscoe-beck-jams-with-german-singer-songwriter-wolfgang-niedecken-on-niedeckens-new-record-called-das-familienalbu","status":"publish","type":"post","link":"https:\/\/leonardcohen.de\/?p=7021","title":{"rendered":"KW-43-2017: Leonard Cohen`s Musical Director, Friend &#038; bassplayer the fabulous Mr. ROSCOE BECK jams with German Singer\/ Songwriter WOLFGANG NIEDECKEN on NIEDECKENS new record called &#8222;Das Familienalbum&#8220;. Out now: october 27th 2017. #Das Familienalbum #NIEDECKEN"},"content":{"rendered":"<p><a href=\"http:\/\/blog.leonardcohen.de\/wp-content\/uploads\/2017\/10\/cohenpedia-headsite-wolfgang-niedecken-files-by-christof-graf.jpg\"><img loading=\"lazy\" decoding=\"async\" class=\"aligncenter size-thumbnail wp-image-7023\" src=\"http:\/\/blog.leonardcohen.de\/wp-content\/uploads\/2017\/10\/cohenpedia-headsite-wolfgang-niedecken-files-by-christof-graf-150x150.jpg\" alt=\"cohenpedia-headsite-wolfgang-niedecken-files-by-christof-graf\" width=\"150\" height=\"150\" \/><\/a><\/p>\n<p style=\"text-align: center;\"><a href=\"http:\/\/cohenpedia.de\/wolfgang-niedecken-s-bap-files-by-christof-graf\/\">http:\/\/cohenpedia.de\/wolfgang-niedecken-s-bap-files-by-christof-graf\/<\/a><\/p>\n<p style=\"text-align: center;\"><a href=\"http:\/\/blog.leonardcohen.de\/wp-content\/uploads\/2017\/10\/niedecken-4.jpg\"><img loading=\"lazy\" decoding=\"async\" class=\"aligncenter size-thumbnail wp-image-7025\" src=\"http:\/\/blog.leonardcohen.de\/wp-content\/uploads\/2017\/10\/niedecken-4-150x150.jpg\" alt=\"niedecken-4\" width=\"150\" height=\"150\" srcset=\"https:\/\/leonardcohen.de\/wp-content\/uploads\/2017\/10\/niedecken-4-150x150.jpg 150w, https:\/\/leonardcohen.de\/wp-content\/uploads\/2017\/10\/niedecken-4-300x300.jpg 300w, https:\/\/leonardcohen.de\/wp-content\/uploads\/2017\/10\/niedecken-4.jpg 500w\" sizes=\"auto, (max-width: 150px) 100vw, 150px\" \/><\/a><\/p>\n<p style=\"text-align: center;\">Familie haben wir alle. Sie ist die Konstante, die unser Leben begleitet. Bei <strong>Wolfgang Niedecken<\/strong> ist das nicht anders. Und da seine Arbeit immer auch autobiografisch gepr\u00e4gt war, hat der K\u00f6lner im Lauf der Jahre viele Lieder geschrieben, in denen seine Familie eine Rolle spielt: 13 von ihnen hat er nun f\u00fcr<strong>\u00a0&#8222;<em>Das Familienalbum &#8211; Reinrassije Stroo\u00dfek\u00f6\u00f6ter&#8220;<\/em><\/strong>, das am <strong>27. Oktober<\/strong> erscheint, neu aufgenommen sowie den Opener und Titeltrack <strong>&#8222;<em>Reinrassije Stroo\u00dfek\u00f6\u00f6ter&#8220;<\/em><\/strong>\u00a0extra f\u00fcr diese Songsammlung geschrieben.<\/p>\n<p style=\"text-align: center;\"><a href=\"http:\/\/blog.leonardcohen.de\/wp-content\/uploads\/2017\/10\/niedecken-1.jpg\"><img loading=\"lazy\" decoding=\"async\" class=\"aligncenter size-thumbnail wp-image-7026\" src=\"http:\/\/blog.leonardcohen.de\/wp-content\/uploads\/2017\/10\/niedecken-1-150x150.jpg\" alt=\"niedecken-1\" width=\"150\" height=\"150\" \/><\/a><\/p>\n<p style=\"text-align: center;\">Zu letzterem wurde just ein Video ver\u00f6ffentlicht, dessen Aufnahme tats\u00e4chlich zuf\u00e4llig entstanden ist: <strong>Wolfgang Niedecken<\/strong>s Frau Tina filmte Anfang Januar am Strand von Goa einfach mit, als dieser ihr den fertigen Song zum ersten Mal vorspielte. Angereichert wurde der Clip au\u00dferdem mit pers\u00f6nlichen Familienfotos aus der Rama-Kiste, von denen auch im Song die Rede ist. \u00a0 Das Video zu <strong>&#8222;<em>Reinrassije Stroo\u00dfek\u00f6\u00f6ter&#8220;<\/em><\/strong>\u00a0gibt es hier zu sehen:\u00a0 <a href=\"http:\/\/link.umusicconnect.net\/r\/?id=h12a7d7fe,4a599e0a,4a59a398\">https:\/\/www.youtube.com\/watch?v=6WhwfRg2yno<\/a> \u00a0 Aber auch auf den anderen Songs l\u00e4sst<strong>\u00a0&#8222;<em>Das Familienalbum &#8211; Reinrassije Stroo\u00dfek\u00f6\u00f6ter&#8220;<\/em><\/strong>\u00a0Bilder, Szenen, Anekdoten und Erinnerungen vor\u00fcberziehen. Da gibt\u2019s Southern Rock (<strong>&#8222;<em>F\u00fcr&#8216; ne Fr\u00fcnd&#8220;<\/em><\/strong><em>),<\/em> Cajun-Punk (<strong>&#8222;<em>Jebootsdaachspogo&#8220;<\/em><\/strong>) und New Orleans typisches Gebl\u00e4se (<strong>&#8222;<em>Wie sch\u00f6n dat w\u00f6hr&#8220;<\/em><\/strong>). Und nat\u00fcrlich ein paar Klassiker aus dem <strong>BAP<\/strong>-Repertoire: der gute alte <strong>&#8222;<em>Chippendale Desch&#8220;<\/em><\/strong>, das <strong>&#8222;<em>Bahnhofskino&#8220;<\/em><\/strong>, der <strong>&#8222;<em>Chlodwigplatz&#8220;<\/em><\/strong>\u00a0und einige mehr, nicht zuletzt <strong>&#8222;<em>Et ess lang her&#8220;<\/em><\/strong>, das <strong>Niedecken<\/strong> 2016 f\u00fcr das bislang letzte <strong>BAP<\/strong>-Album<strong>\u00a0&#8222;<em>Lebensl\u00e4nglich&#8220;<\/em><\/strong>\u00a0schrieb und das die Entstehungsgeschichte des wohl bekanntesten <strong>BAP<\/strong>-Songs <strong>&#8222;<em>Verdamp lang her&#8220;<\/em><\/strong>\u00a0erz\u00e4hlt. \u00a0 Die Produktion von <strong>&#8222;<em>Das Familienalbum &#8211; Reinrassije Stroo\u00dfek\u00f6\u00f6ter&#8220;<\/em><\/strong>\u00a0fand im Mai 2017 in den Esplanade Studio in New Orleans statt. Als Produzent und Arrangeur fungierte <strong>Niedecken<\/strong>s alter Freund <strong>Julian Dawson<\/strong>, der \u00fcberdies Gitarre, Dobro und Harmonica beisteuerte. Zur Band geh\u00f6rten au\u00dferdem Hochkar\u00e4ter wie <strong>Eagles-Sideman Steuart &#8218;Spider&#8216; Smith <\/strong>(Gitarre, Piano, Hammond, Keyboards), Bassist <strong>Roscoe Beck<\/strong> (Leonard Cohen, Dixie Chicks)<\/p>\n<p style=\"text-align: center;\"><a href=\"http:\/\/blog.leonardcohen.de\/wp-content\/uploads\/2017\/10\/niedecken-21.jpg\"><img loading=\"lazy\" decoding=\"async\" class=\"aligncenter size-thumbnail wp-image-7027\" src=\"http:\/\/blog.leonardcohen.de\/wp-content\/uploads\/2017\/10\/niedecken-21-150x150.jpg\" alt=\"niedecken-2\" width=\"150\" height=\"150\" \/><\/a><\/p>\n<p style=\"text-align: center;\">und Drummer <strong>J.J. Johnson<\/strong>, der bereits in den Bands von John Mayer und Doyle Bramhall II f\u00fcr die passenden Gooves sorgte. \u00a0 Hinter dem Pult sa\u00df mit dem zweifachen Grammy-Gewinner <strong>Stewart Lerman<\/strong> ein Mann, der nicht nur bereits mit dem Who&#8217;s Who der internationalen Musikszene arbeitete, darunter <strong>Patti Smith<\/strong>, <strong>Elvis Costello<\/strong> und <strong>Liza Minelli<\/strong>, sondern auch f\u00fcr den Soundtrack der 70s-Serie &#8222;Vinyl&#8220; verantwortlich zeichnete. \u00a0 <strong>&#8222;<em>Das Familienalbum &#8211; Reinrassije Stroo\u00dfek\u00f6\u00f6ter&#8220;<\/em><\/strong>\u00a0ist ein buntes, mit liebevollem Blick aufs Detail eingerichtetes Kabinett aus Bildern, Figuren, Erinnerungen und Einsichten geworden, die das Thema Familie auf unterschiedlichste Weise schattieren \u2013 emotional, eindringlich und universell. \u00a0 <strong>Wolfgang Niedecken steht auf Anfrage f\u00fcr Interviews zur Verf\u00fcgung<\/strong><\/p>\n<p style=\"text-align: center;\"><strong>Wolfgang Niedecken live 2018:<\/strong> 30.05.2018 Stuttgart, Liederhalle 31.05.2018 Trier, Arena 02.06.2018 K\u00f6ln, Lanxess Arena 06.06.2018 M\u00fcnchen, Circus Krone 08.06.2018 Frankfurt, Jahrhunderthalle 09.06.2018 Hamburg, Stadtpark 10.06.2018 Berlin, Tempodrom<\/p>\n<p>Introvertiert im Erz\u00e4hlton und lebhaft in der musikalischen Umsetzung l\u00e4sst \u201eDas Familienalbum \u2013 Reinrassije Stroo\u00dfek\u00f6\u00f6ter\u201c Bilder, Szenen, Anekdoten und Erinnerungen vor\u00fcberziehen. Da gibt\u2019s Southern Rock (\u201eF\u00fcr`ne Fr\u00fcnd\u201c), Cajun-Punk (\u201eJebootsdaachspogo\u201c) und New Orleans typisches Gebl\u00e4se (\u201eWie sch\u00f6n dat w\u00f6hr\u201c).<\/p>\n<p><a href=\"http:\/\/blog.leonardcohen.de\/wp-content\/uploads\/2017\/10\/niedecken-31.jpg\"><img loading=\"lazy\" decoding=\"async\" class=\"aligncenter size-thumbnail wp-image-7028\" src=\"http:\/\/blog.leonardcohen.de\/wp-content\/uploads\/2017\/10\/niedecken-31-150x150.jpg\" alt=\"niedecken-3\" width=\"150\" height=\"150\" \/><\/a><\/p>\n<p>\u201eDas Familienalbum \u2013 Reinrassije Stroo\u00dfek\u00f6\u00f6ter\u201c ist die Fortsetzung von \u201eZosamme alt\u201c, f\u00fcr das Niedecken Songs, die er f\u00fcr seine Frau Tina geschrieben hat, auf \u00e4hnlich intime Weise neuinterpretierte. Auch auf dem neuen Album bekommt sie ein besonderes St\u00e4ndchen: \u201eEt ess wie et ess\u201c erhielt f\u00fcr seine Neuauflage ein fr\u00f6hliches Bl\u00e4serarrangement und ein fast schon karibisch anmutendes Rhythmusgewand \u2013 mit \u2019nem sch\u00f6nen Jroo\u00df aus New Orleans sozusagen.<\/p>\n<p>Die Produktion von \u201eDas Familienalbum \u2013 Reinrassije Stroo\u00dfek\u00f6\u00f6ter\u201c fand im Mai 2017 im dortigen Esplanade Studio statt. Als Produzent und Arrangeur fungierte Niedeckens alter Freund Julian Dawson, der \u00fcberdies Gitarre, Dobro und Harmonica beisteuerte. Zur Band geh\u00f6rten au\u00dferdem Hochkar\u00e4ter wie Eagles-Sideman Steuart \u201aSpider\u2018 Smith (Gitarre, Piano, Hammond, Keyboards), Bassist Roscoe Beck (Leonard Cohen, Dixie Chicks) und Drummer J.J. Johnson. Hinter dem Pult sa\u00df der zweifache Grammy-Gewinner Stewart Lerman.<\/p>\n<p>\u201eDas Familienalbum \u2013 Reinrassije Stroo\u00dfek\u00f6\u00f6ter\u201c ist ein buntes, mit liebevollem Blick aufs Detail eingerichtetes Kabinett aus Bildern, Figuren, Erinnerungen und Einsichten geworden, die das Thema Familie auf unterschiedlichste Weise schattieren \u2013 emotional, eindringlich und universell.<\/p>\n<p>&nbsp;<\/p>\n<p>Mehr \u00fcber Wolfgang Niedeckens Affinit\u00e4t zu Leonard Cohen in den <strong>COHENPEDIA_Wolfgang Niedecken &#8211; Files:<\/strong><\/p>\n<p><a href=\"http:\/\/cohenpedia.de\/wolfgang-niedecken-s-bap-files-by-christof-graf\/\">http:\/\/cohenpedia.de\/wolfgang-niedecken-s-bap-files-by-christof-graf\/<\/a><\/p>\n<p>&nbsp;<\/p>\n<p>Mehr \u00fcber Roscoe Beck inden <strong>COHENPEDIA_Roscoe Beck-Files:<\/strong><\/p>\n<p><a href=\"http:\/\/cohenpedia.de\/roscoe-beck-the-roscoe-beck-file-by-christof-graf\/\">http:\/\/cohenpedia.de\/roscoe-beck-the-roscoe-beck-file-by-christof-graf\/<\/a><\/p>\n<p>&nbsp;<\/p>\n","protected":false},"excerpt":{"rendered":"<p>http:\/\/cohenpedia.de\/wolfgang-niedecken-s-bap-files-by-christof-graf\/ Familie haben wir alle. Sie ist die Konstante, die unser Leben begleitet. Bei Wolfgang Niedecken ist das nicht anders. Und da seine Arbeit immer auch autobiografisch gepr\u00e4gt war, hat der K\u00f6lner im Lauf der Jahre viele Lieder geschrieben, in denen seine Familie eine Rolle spielt: 13 von ihnen hat er nun f\u00fcr\u00a0&#8222;Das Familienalbum &#8211; [&hellip;]<\/p>\n","protected":false},"author":1,"featured_media":0,"comment_status":"open","ping_status":"open","sticky":false,"template":"","format":"standard","meta":{"footnotes":""},"categories":[1],"tags":[],"class_list":["post-7021","post","type-post","status-publish","format-standard","hentry","category-allgemein"],"_links":{"self":[{"href":"https:\/\/leonardcohen.de\/index.php?rest_route=\/wp\/v2\/posts\/7021","targetHints":{"allow":["GET"]}}],"collection":[{"href":"https:\/\/leonardcohen.de\/index.php?rest_route=\/wp\/v2\/posts"}],"about":[{"href":"https:\/\/leonardcohen.de\/index.php?rest_route=\/wp\/v2\/types\/post"}],"author":[{"embeddable":true,"href":"https:\/\/leonardcohen.de\/index.php?rest_route=\/wp\/v2\/users\/1"}],"replies":[{"embeddable":true,"href":"https:\/\/leonardcohen.de\/index.php?rest_route=%2Fwp%2Fv2%2Fcomments&post=7021"}],"version-history":[{"count":3,"href":"https:\/\/leonardcohen.de\/index.php?rest_route=\/wp\/v2\/posts\/7021\/revisions"}],"predecessor-version":[{"id":7037,"href":"https:\/\/leonardcohen.de\/index.php?rest_route=\/wp\/v2\/posts\/7021\/revisions\/7037"}],"wp:attachment":[{"href":"https:\/\/leonardcohen.de\/index.php?rest_route=%2Fwp%2Fv2%2Fmedia&parent=7021"}],"wp:term":[{"taxonomy":"category","embeddable":true,"href":"https:\/\/leonardcohen.de\/index.php?rest_route=%2Fwp%2Fv2%2Fcategories&post=7021"},{"taxonomy":"post_tag","embeddable":true,"href":"https:\/\/leonardcohen.de\/index.php?rest_route=%2Fwp%2Fv2%2Ftags&post=7021"}],"curies":[{"name":"wp","href":"https:\/\/api.w.org\/{rel}","templated":true}]}}