{"id":8436,"date":"2018-06-10T21:50:10","date_gmt":"2018-06-10T19:50:10","guid":{"rendered":"http:\/\/blog.leonardcohen.de\/?p=8436"},"modified":"2018-06-11T10:25:29","modified_gmt":"2018-06-11T08:25:29","slug":"kw-20-2018-leonard-cohen-und-der-rock_am_ring-1993-aber-es-gab-auch-ein-parallelfestival-auf-dem-cohen-1993-im-rahmen-seiner-deutschlandtournee-auftrat-damals-hiess-es-novh-rock-in-vienna","status":"publish","type":"post","link":"https:\/\/leonardcohen.de\/?p=8436","title":{"rendered":"KW-20-2018: Leonard Cohen &#8230; und der #Rock_am_Ring 1993. 25 Jahre ist es her, da\u00df Leonard Cohen &#8211; vor seiner gigantischen Konzertreise von 2008-2013 &#8211; auf Deutschlandtournee war. Beim &#8222;Rock am Ring&#8220; beendete er die 1993er Deutschlandtour. Aber es gab auch ein Parallelfestival zum &#8222;Rock am Ring&#8220; in \u00d6sterreich, auf dem Cohen 1993 im Rahmen seiner Europatournee auftrat. Damals hie\u00df es noch &#8222;Rock in Vienna&#8220; bzw. &#8222;Rock in Wien&#8220; und wurde sp\u00e4ter zu &#8222;Rock in Riem&#8220; und &#8222;Rock im Park&#8220;, da allerdings dann nicht mehr in \u00d6sterreich."},"content":{"rendered":"<p><strong>Seit 1993 findet als Parallelveranstaltung zu <a title=\"Rock am Ring\" href=\"https:\/\/de.wikipedia.org\/wiki\/Rock_am_Ring\">Rock am Ring<\/a> im Westen ein Rockfestival im S\u00fcden statt. Der erste Standort war 1993 unter dem Namen <i>Rock in Vienna<\/i> in Wien. 1994 fand das Festival dann als <i>Rock in Riem<\/i> am <a title=\"Flughafen M\u00fcnchen-Riem\" href=\"https:\/\/de.wikipedia.org\/wiki\/Flughafen_M%C3%BCnchen-Riem\">alten Flughafen<\/a> in M\u00fcnchen Riem statt. Als Veranstalter agieren seit der Erstauflage in M\u00fcnchen die Unternehmen ARGO Konzerte GmbH und Marek Lieberberg Konzertagentur GmbH &amp; Co.KG. 1995 zog es als <i>Rock im Park<\/i> um ins <a title=\"Olympiastadion M\u00fcnchen\" href=\"https:\/\/de.wikipedia.org\/wiki\/Olympiastadion_M%C3%BCnchen\">M\u00fcnchner Olympiastadion<\/a> und den Olympia-Park, wo es auch 1996 stattfand.<\/strong><\/p>\n<p>Seit 1997 findet Rock im Park in N\u00fcrnberg statt. Bis zum Umbau f\u00fcr die <a title=\"Fu\u00dfball-Weltmeisterschaft 2006\" href=\"https:\/\/de.wikipedia.org\/wiki\/Fu%C3%9Fball-Weltmeisterschaft_2006\">Fu\u00dfball-Weltmeisterschaft 2006<\/a> befand sich die Centerstage im <a title=\"Max-Morlock-Stadion\" href=\"https:\/\/de.wikipedia.org\/wiki\/Max-Morlock-Stadion\">Frankenstadion<\/a>. 2004 zog man um auf das benachbarte <a title=\"Reichsparteitagsgel\u00e4nde\" href=\"https:\/\/de.wikipedia.org\/wiki\/Reichsparteitagsgel%C3%A4nde#Zeppelinfeld_und_Zeppelinhaupttrib\u00fcne\">Zeppelinfeld<\/a>.<\/p>\n<p><a href=\"http:\/\/blog.leonardcohen.de\/wp-content\/uploads\/2018\/06\/LC-Tour_1993_Germany_Cohenpedia-2.jpg\"><img loading=\"lazy\" decoding=\"async\" class=\"aligncenter size-thumbnail wp-image-8437\" src=\"http:\/\/blog.leonardcohen.de\/wp-content\/uploads\/2018\/06\/LC-Tour_1993_Germany_Cohenpedia-2-150x150.jpg\" alt=\"\" width=\"150\" height=\"150\" \/><\/a><a href=\"http:\/\/blog.leonardcohen.de\/wp-content\/uploads\/2018\/06\/LC-Tour_1993_Germany_Cohenpedia-1.jpg\"><img loading=\"lazy\" decoding=\"async\" class=\"aligncenter size-thumbnail wp-image-8438\" src=\"http:\/\/blog.leonardcohen.de\/wp-content\/uploads\/2018\/06\/LC-Tour_1993_Germany_Cohenpedia-1-150x150.jpg\" alt=\"\" width=\"150\" height=\"150\" \/><\/a><\/p>\n","protected":false},"excerpt":{"rendered":"<p>Seit 1993 findet als Parallelveranstaltung zu Rock am Ring im Westen ein Rockfestival im S\u00fcden statt. Der erste Standort war 1993 unter dem Namen Rock in Vienna in Wien. 1994 fand das Festival dann als Rock in Riem am alten Flughafen in M\u00fcnchen Riem statt. Als Veranstalter agieren seit der Erstauflage in M\u00fcnchen die Unternehmen [&hellip;]<\/p>\n","protected":false},"author":1,"featured_media":8437,"comment_status":"closed","ping_status":"open","sticky":false,"template":"","format":"standard","meta":{"footnotes":""},"categories":[1],"tags":[],"class_list":["post-8436","post","type-post","status-publish","format-standard","has-post-thumbnail","hentry","category-allgemein"],"_links":{"self":[{"href":"https:\/\/leonardcohen.de\/index.php?rest_route=\/wp\/v2\/posts\/8436","targetHints":{"allow":["GET"]}}],"collection":[{"href":"https:\/\/leonardcohen.de\/index.php?rest_route=\/wp\/v2\/posts"}],"about":[{"href":"https:\/\/leonardcohen.de\/index.php?rest_route=\/wp\/v2\/types\/post"}],"author":[{"embeddable":true,"href":"https:\/\/leonardcohen.de\/index.php?rest_route=\/wp\/v2\/users\/1"}],"replies":[{"embeddable":true,"href":"https:\/\/leonardcohen.de\/index.php?rest_route=%2Fwp%2Fv2%2Fcomments&post=8436"}],"version-history":[{"count":5,"href":"https:\/\/leonardcohen.de\/index.php?rest_route=\/wp\/v2\/posts\/8436\/revisions"}],"predecessor-version":[{"id":8447,"href":"https:\/\/leonardcohen.de\/index.php?rest_route=\/wp\/v2\/posts\/8436\/revisions\/8447"}],"wp:featuredmedia":[{"embeddable":true,"href":"https:\/\/leonardcohen.de\/index.php?rest_route=\/wp\/v2\/media\/8437"}],"wp:attachment":[{"href":"https:\/\/leonardcohen.de\/index.php?rest_route=%2Fwp%2Fv2%2Fmedia&parent=8436"}],"wp:term":[{"taxonomy":"category","embeddable":true,"href":"https:\/\/leonardcohen.de\/index.php?rest_route=%2Fwp%2Fv2%2Fcategories&post=8436"},{"taxonomy":"post_tag","embeddable":true,"href":"https:\/\/leonardcohen.de\/index.php?rest_route=%2Fwp%2Fv2%2Ftags&post=8436"}],"curies":[{"name":"wp","href":"https:\/\/api.w.org\/{rel}","templated":true}]}}